{"id":35038,"date":"2025-08-18T22:34:10","date_gmt":"2025-08-18T22:34:10","guid":{"rendered":"https:\/\/www.europesays.com\/pt\/35038\/"},"modified":"2025-08-18T22:34:10","modified_gmt":"2025-08-18T22:34:10","slug":"cientistas-da-fiocruz-e-da-ufpb-descobrem-mosca-predadora-na-mata-atlantica","status":"publish","type":"post","link":"https:\/\/www.europesays.com\/pt\/35038\/","title":{"rendered":"Cientistas da Fiocruz e da UFPB descobrem mosca predadora na Mata Atl\u00e2ntica"},"content":{"rendered":"<p>Uma nova esp\u00e9cie de mosca predadora foi descoberta na Mata Atl\u00e2ntica por cientistas do Instituto Oswaldo Cruz (IOC\/Fiocruz) e da Universidade Federal da Para\u00edba (UFPB). Batizada de Hemerodromia mystica, a esp\u00e9cie pertence \u00e0 fam\u00edlia Empididae e foi encontrada no Parque Estadual da Pedra Branca (PEPB), a maior floresta urbana em \u00e1rea protegida do Brasil, localizada na zona Oeste da cidade do Rio de Janeiro.<\/p>\n<p><a href=\"https:\/\/link.springer.com\/article\/10.1007\/s42690-025-01501-y\" rel=\"nofollow noopener\" target=\"_blank\"><strong>O registro foi publicado na revista <\/strong><strong>International Journal of Tropical Insect Science<\/strong><\/a>. Assinam o estudo os pesquisadores Arion Tulio Aranda, \u00d3scar S\u00e1nchez Molina e Jos\u00e9 Rodrigues Gomes, do Laborat\u00f3rio Integrado \u2013 Simul\u00eddeos e Oncocercose &amp; Entomologia M\u00e9dica e Forense do IOC\/Fiocruz, e Josenir Teixeira C\u00e2mara, da Universidade Federal da Para\u00edba.<\/p>\n<p><img loading=\"lazy\" decoding=\"async\" src=\"https:\/\/www.europesays.com\/pt\/wp-content\/uploads\/2025\/08\/dentro_especie_mosca.jpg\" data-entity-uuid=\"ae0a40b0-ded4-4439-88e9-f672c4f89652\" data-entity-type=\"file\" alt=\"Mosca.\" width=\"530\" height=\"378\" class=\"align-center\"\/>\n<\/p>\n<p>&#8216;Hemerodromia mystica&#8217; coletada na Mata Atl\u00e2ntica carioca (foto: Laborat\u00f3rio Integrado \u2013 Simul\u00eddeos e Oncocercose &amp; Entomologia M\u00e9dica e Forense do IOC\/Fiocruz)<\/p>\n<p>O achado chamou aten\u00e7\u00e3o porque a mosca coletada emergiu de um casulo vazio de borrachudo \u2014 nome popular de pequenos insetos hemat\u00f3fagos da fam\u00edlia Simuliidae. Esse comportamento, em que um organismo utiliza a estrutura constru\u00edda por outro para se abrigar ou completar seu desenvolvimento, chama-se inquilinismo. No caso, a mosca aproveitou o casulo vazio do borrachudo para passar da fase de pupa para a adulta.<\/p>\n<p>Ainda n\u00e3o se sabe, contudo, se o comportamento de inquilinismo ap\u00f3s a preda\u00e7\u00e3o da pupa de borrachudo \u00e9 uma caracter\u00edstica obrigat\u00f3ria da esp\u00e9cie ou se ocorre apenas de forma oportunista, quando h\u00e1 disponibilidade de casulos vazios.<\/p>\n<p>A escolha do nome da mosca est\u00e1 ligada a essa estrat\u00e9gia, j\u00e1 que \u2018mystica\u2019 faz refer\u00eancia \u00e0 personagem mutante da famosa hist\u00f3ria em quadrinhos, capaz de mudar de forma e se camuflar para enganar seus advers\u00e1rios. Assim como a personagem, o inseto descrito \u2018assume outra identidade\u2019 ao se desenvolver dentro do casulo abandonado por outro organismo.<\/p>\n<p><img loading=\"lazy\" decoding=\"async\" src=\"https:\/\/www.europesays.com\/pt\/wp-content\/uploads\/2025\/08\/dentro_exuvia_mosca.jpg\" data-entity-uuid=\"9f15ef95-08aa-4b5e-92a1-caf19fbb7a9a\" data-entity-type=\"file\" alt=\"Mosca.\" width=\"530\" height=\"400\" class=\"align-center\"\/>\n<\/p>\n<p>Ex\u00favia pupal da &#8216;Hemerodromia mysticaupal&#8217; (foto: Laborat\u00f3rio Integrado \u2013 Simul\u00eddeos e Oncocercose &amp; Entomologia M\u00e9dica e Forense do IOC\/Fiocruz)<\/p>\n<p>Al\u00e9m da rela\u00e7\u00e3o de inquilinismo, a nova esp\u00e9cie pode se alimentar de borrachudos em diferentes fases de vida. Com isso, essas moscas atuam de forma natural no controle dessas popula\u00e7\u00f5es, que podem transmitir doen\u00e7as como a oncocercose e a mansonelose.<\/p>\n<p>\u201cAs moscas deste g\u00eanero t\u00eam o primeiro par de patas adaptadas para capturar presas, muito semelhantes \u00e0s de um louva-a-deus. Com elas, os machos agarram outros insetos, incluindo borrachudos, para se alimentar ou oferecer \u00e0s f\u00eameas durante o acasalamento. Suas larvas tamb\u00e9m predam larvas e pupas de borrachudos\u201d, explica Arion Tulio Aranda, curador da Cole\u00e7\u00e3o de Simul\u00eddeos do IOC\/Fiocruz e um dos autores do estudo.<\/p>\n<p>Outro aspecto marcante da descoberta \u00e9 que insetos da fam\u00edlia Empididaecostumam ser mais estudados a partir de esp\u00e9cimes coletadas durante o voo. Por isso, este \u00e9 o primeiro registro, na Regi\u00e3o Neotropical \u2014 que engloba a Am\u00e9rica do Sul, Am\u00e9rica Central, sul do M\u00e9xico e ilhas do Caribe \u2014, de um adulto dessa fam\u00edlia associado \u00e0 sua ex\u00favia pupal, que \u00e9 a \u2018casca\u2019 que permanece depois que o inseto adulto rompe o exoesqueleto da pupa.<\/p>\n<p>Ter esse material preservado junto ao adulto \u00e9 valioso para a ci\u00eancia porque permite descrever com precis\u00e3o duas fases do ciclo de vida de uma mesma esp\u00e9cie, o que ajuda a identificar padr\u00f5es de desenvolvimento, comparar com outras esp\u00e9cies e ampliar o conhecimento sobre a biologia do grupo.<\/p>\n<p><img loading=\"lazy\" decoding=\"async\" src=\"https:\/\/www.europesays.com\/pt\/wp-content\/uploads\/2025\/08\/dentro_pernas_raptoriais_1.jpg\" data-entity-uuid=\"bc4d3922-3098-489f-b88d-0faa47e18758\" data-entity-type=\"file\" alt=\"Mosca.\" width=\"530\" height=\"797\" class=\"align-center\"\/>\n<\/p>\n<p>Pernas raptoriais da &#8216;Hemerodromia mysticaupal&#8217;, adaptadas para capturar presas, em detalhe (foto: Laborat\u00f3rio Integrado \u2013 Simul\u00eddeos e Oncocercose &amp; Entomologia M\u00e9dica e Forense do IOC\/Fiocruz)<\/p>\n<p><strong>Pequena e superpoderosa \u00a0<\/strong><\/p>\n<p>Com apenas 3 mil\u00edmetros de comprimento, a Hemerodromia mystica apresenta corpo alongado de cor escura, asas transparentes com leve tonalidade acinzentada e o primeiro par de patas adaptado para capturar presas.<\/p>\n<p>O esp\u00e9cime descrito pela pesquisa \u2014 um macho acompanhado de sua ex\u00favia \u2014 foi coletado em um trecho de vegeta\u00e7\u00e3o submersa do Rio Piabas, na Zona de Preserva\u00e7\u00e3o do Parque Estadual da Pedra Branca.<\/p>\n<p>A regi\u00e3o da coleta \u00e9 marcada por alta umidade, influ\u00eancia dos ventos oce\u00e2nicos e vegeta\u00e7\u00e3o t\u00edpica da Mata Atl\u00e2ntica e, portanto, oferece condi\u00e7\u00f5es ideais para esp\u00e9cies sens\u00edveis \u00e0 qualidade ambiental, como essa nova mosca descrita. \u00a0<\/p>\n<p>\u00c9 justamente essa depend\u00eancia de habitats preservados que revela outro \u2018superpoder\u2019 da Hemerodromia mystica: a capacidade de servir como indicadora da qualidade de ambientes aqu\u00e1ticos e florestais. Isso porque a esp\u00e9cie, assim como outras do mesmo g\u00eanero, depende de cursos d\u2019\u00e1gua limpos para se desenvolver e, por isso, \u00e9 associada a \u00e1reas preservadas ecologicamente.<\/p>\n<p>\u201cMuitas esp\u00e9cies do g\u00eanero Hemerodromia descritas no Brasil foram encontradas em unidades de conserva\u00e7\u00e3o de diferentes biomas, o que refor\u00e7a a necessidade de investigar esse grupo em estudos sobre bioindicadores de qualidade ambiental\u201d, completa Arion.<\/p>\n<p><img loading=\"lazy\" decoding=\"async\" src=\"https:\/\/www.europesays.com\/pt\/wp-content\/uploads\/2025\/08\/mapa_dentro_1.jpg\" data-entity-uuid=\"1f236335-0cf6-4985-b513-a7ab1c9be7ce\" data-entity-type=\"file\" alt=\"Mosca.\" width=\"530\" height=\"365\" class=\"align-center\"\/>\n<\/p>\n<p>Nova esp\u00e9cie foi coletada na Zona de Preserva\u00e7\u00e3o do Parque Estadual da Pedra Branca (foto: Laborat\u00f3rio Integrado \u2013 Simul\u00eddeos e Oncocercose &amp; Entomologia M\u00e9dica e Forense do IOC\/Fiocruz)<\/p>\n<p>As amostras coletadas, incluindo o adulto, sua ex\u00favia pupal e exemplares de esp\u00e9cies pr\u00f3ximas, foram depositadas na Cole\u00e7\u00e3o Entomol\u00f3gica do IOC \u2013 CEIOC\/Fiocruz, onde permanecem preservadas para consultas futuras e estudos comparativos. O armazenamento em cole\u00e7\u00f5es biol\u00f3gicas garante a disponibilidade do material para revis\u00f5es taxon\u00f4micas, an\u00e1lises morfol\u00f3gicas e gen\u00e9ticas, al\u00e9m de servir como refer\u00eancia para identificar novas ocorr\u00eancias da esp\u00e9cie em outras regi\u00f5es.<\/p>\n<p>Para os autores, descobertas como essa revelam que ainda h\u00e1 muito a ser explorado nos biomas brasileiros, mesmo em \u00e1reas pr\u00f3ximas a grandes centros urbanos. \u201cNosso projeto de pesquisa evidencia a diversidade ainda oculta na Mata Atl\u00e2ntica e refor\u00e7a a import\u00e2ncia de se manter investiga\u00e7\u00f5es taxon\u00f4micas e ecol\u00f3gicas em diferentes ecossistemas, fundamentais para compreender e conservar tanto nossa biodiversidade, quanto seus respectivos ambientes\u201d, destaca o autor.\u00a0<\/p>\n","protected":false},"excerpt":{"rendered":"Uma nova esp\u00e9cie de mosca predadora foi descoberta na Mata Atl\u00e2ntica por cientistas do Instituto Oswaldo Cruz (IOC\/Fiocruz)&hellip;\n","protected":false},"author":2,"featured_media":35039,"comment_status":"","ping_status":"","sticky":false,"template":"","format":"standard","meta":{"footnotes":""},"categories":[84],"tags":[109,107,108,32,33,105,103,104,106,110],"class_list":{"0":"post-35038","1":"post","2":"type-post","3":"status-publish","4":"format-standard","5":"has-post-thumbnail","7":"category-ciencia-e-tecnologia","8":"tag-ciencia","9":"tag-ciencia-e-tecnologia","10":"tag-cienciaetecnologia","11":"tag-portugal","12":"tag-pt","13":"tag-science","14":"tag-science-and-technology","15":"tag-scienceandtechnology","16":"tag-technology","17":"tag-tecnologia"},"share_on_mastodon":{"url":"","error":""},"_links":{"self":[{"href":"https:\/\/www.europesays.com\/pt\/wp-json\/wp\/v2\/posts\/35038","targetHints":{"allow":["GET"]}}],"collection":[{"href":"https:\/\/www.europesays.com\/pt\/wp-json\/wp\/v2\/posts"}],"about":[{"href":"https:\/\/www.europesays.com\/pt\/wp-json\/wp\/v2\/types\/post"}],"author":[{"embeddable":true,"href":"https:\/\/www.europesays.com\/pt\/wp-json\/wp\/v2\/users\/2"}],"replies":[{"embeddable":true,"href":"https:\/\/www.europesays.com\/pt\/wp-json\/wp\/v2\/comments?post=35038"}],"version-history":[{"count":0,"href":"https:\/\/www.europesays.com\/pt\/wp-json\/wp\/v2\/posts\/35038\/revisions"}],"wp:featuredmedia":[{"embeddable":true,"href":"https:\/\/www.europesays.com\/pt\/wp-json\/wp\/v2\/media\/35039"}],"wp:attachment":[{"href":"https:\/\/www.europesays.com\/pt\/wp-json\/wp\/v2\/media?parent=35038"}],"wp:term":[{"taxonomy":"category","embeddable":true,"href":"https:\/\/www.europesays.com\/pt\/wp-json\/wp\/v2\/categories?post=35038"},{"taxonomy":"post_tag","embeddable":true,"href":"https:\/\/www.europesays.com\/pt\/wp-json\/wp\/v2\/tags?post=35038"}],"curies":[{"name":"wp","href":"https:\/\/api.w.org\/{rel}","templated":true}]}}