{"id":35041,"date":"2025-08-18T22:39:12","date_gmt":"2025-08-18T22:39:12","guid":{"rendered":"https:\/\/www.europesays.com\/pt\/35041\/"},"modified":"2025-08-18T22:39:12","modified_gmt":"2025-08-18T22:39:12","slug":"como-estao-6-estrelas-de-pai-heroi","status":"publish","type":"post","link":"https:\/\/www.europesays.com\/pt\/35041\/","title":{"rendered":"como est\u00e3o 6 estrelas de Pai Her\u00f3i"},"content":{"rendered":"<p>H\u00e1 exatamente 46 anos, no dia 18 de agosto de 1979, mais um sucesso de Janete Clair terminava na Globo. Estamos falando de Pai Her\u00f3i, novela que estreou em 29 de janeiro daquele ano e teve 178 cap\u00edtulos.<\/p>\n<p>A autora se inspirou numa radionovela de sua autoria para conceber a trama, produzida \u00e0s pressas, j\u00e1 que Lauro C\u00e9sar Muniz, escalado para a faixa, ficou impossibilitado de escrever por quest\u00f5es de sa\u00fade. O enredo girava em torno de Andr\u00e9 Cajarana (Tony Ramos), que lutava para limpar o nome de seu pai, &#8220;sujo&#8221; por obra de Bruno Baldaracci (Paulo Autran). Em sua empreitada, Andr\u00e9 se envolve com a bailarina Carina (Elizabeth Savala) e a popular Ana Preta (Gl\u00f3ria Menezes).<\/p>\n<p>Confira abaixo como est\u00e3o seis nomes que integram o elenco da trama:<\/p>\n<p>continua depois da publicidade<\/p>\n<p>Gl\u00f3ria Menezes<\/p>\n<p><img decoding=\"async\" class=\"horizontal\" src=\"https:\/\/www.europesays.com\/pt\/wp-content\/uploads\/2025\/08\/pai-heroi-gloria-menezes_1635.jpeg\" alt=\"Terminava h\u00e1 46 anos: como est\u00e3o 6 estrelas de Pai Her\u00f3i\"\/><\/p>\n<p>Uma das maiores atrizes da hist\u00f3ria da televis\u00e3o brasileira, Gl\u00f3ria Menezes viveu Ana Preta em Pai Her\u00f3i, fazendo enorme sucesso na trama. Al\u00e9m disso, ela tamb\u00e9m estrelou dezenas de produ\u00e7\u00f5es na emissora, como Irm\u00e3os Coragem (1970), Corpo a Corpo (1984), Brega e Chique (1987), Rainha da Sucata (1990), Deus nos Acuda (1992), A Pr\u00f3xima V\u00edtima (1995) e Torre de Babel (1998), entre outras.<\/p>\n<p>Atualmente com 90 anos, Gl\u00f3ria est\u00e1 longe das novelas desde Totalmente Demais (2015). Recentemente, ela tamb\u00e9m foi homenageada pela s\u00e9rie Tributo, da Globo. Reclusa desde a morte de Tarc\u00edsio Meira, em 2021, a estrela faz raras apari\u00e7\u00f5es p\u00fablicas, sempre ao lado do filho, Tarc\u00edsio Filho.<\/p>\n<p>continua depois da publicidade<\/p>\n<p>Jonas Bloch<\/p>\n<p><img decoding=\"async\" class=\"horizontal\" src=\"https:\/\/www.europesays.com\/pt\/wp-content\/uploads\/2025\/08\/pai-heroi-jonas-bloch_8291.jpeg\" alt=\"Terminava h\u00e1 46 anos: como est\u00e3o 6 estrelas de Pai Her\u00f3i\"\/><\/p>\n<p>O pai de D\u00e9bora Bloch viveu Rafael Baldaracci na trama de Janete Clair. Foi a segunda novela do ator na Globo, que havia estreado em Sem Len\u00e7o, Sem Documento (1977). Depois disso, ele brilhou em tramas como Top Model (1989), Mulheres de Areia (1993), A Viagem (1994) e Novo Mundo (2017), entre outras.<\/p>\n<p>O astro, que atualmente tem 86 anos, segue em plena atividade, tendo feito uma participa\u00e7\u00e3o especial no remake de Elas por Elas, no ano passado.<\/p>\n<p>Reinaldo Gonzaga<\/p>\n<p><img decoding=\"async\" class=\"horizontal\" src=\"https:\/\/www.europesays.com\/pt\/wp-content\/uploads\/2025\/08\/pai-heroi-reinaldo-gonzaga_1108.jpeg\" alt=\"Terminava h\u00e1 46 anos: como est\u00e3o 6 estrelas de Pai Her\u00f3i\"\/><\/p>\n<p>Dono de uma voz potente, Reinaldo Gonzaga brilhou em v\u00e1rias novelas da Globo nos anos 1970 e 1980, como Anjo Mau, Saramandaia, Dona Xepa e Pai Her\u00f3i, onde viveu o personagem Hil\u00e1rio. A \u00faltima novela do ator na Globo, at\u00e9 o momento, foi Senhora do Destino, em 2004.<\/p>\n<p>continua depois da publicidade<\/p>\n<p>Ele est\u00e1 longe da telinha desde Amor e Revolu\u00e7\u00e3o, no SBT, em 2011. Atualmente com 76 anos, vive em contato direto com a natureza e voltou recentemente ao teatro ap\u00f3s nove anos afastado dos palcos.<\/p>\n<p>Fernando Eiras<\/p>\n<p><img decoding=\"async\" class=\"horizontal\" src=\"https:\/\/www.europesays.com\/pt\/wp-content\/uploads\/2025\/08\/pai-heroi-fernando-eiras_2991.jpeg\" alt=\"Terminava h\u00e1 46 anos: como est\u00e3o 6 estrelas de Pai Her\u00f3i\"\/><\/p>\n<p>Bastante atuante no teatro, Fernando Eiras estreou nas novelas em Sinal de Alerta (1978). No ano seguinte, viveu Rom\u00e3o em Pai Her\u00f3i. Depois disso, se destacou em tramas como \u00c1gua Viva (1980), P\u00e1tria Minha (1994), P\u00e1ginas da Vida (2006) e, mais recentemente, Um Lugar ao Sol (2021), sua \u00faltima novela at\u00e9 o momento.<\/p>\n<p>Atualmente com 68 anos, o astro continua na ativa, se dedicando ao teatro.<\/p>\n<p>N\u00e1dia Lippi<\/p>\n<p><img decoding=\"async\" class=\"horizontal\" src=\"https:\/\/www.europesays.com\/pt\/wp-content\/uploads\/2025\/08\/pai-heroi-nadia-lippi_5251.jpeg\" alt=\"Terminava h\u00e1 46 anos: como est\u00e3o 6 estrelas de Pai Her\u00f3i\"\/><\/p>\n<p>N\u00e1dia Lippi come\u00e7ou na televis\u00e3o aos 12 anos, na novela A Pequena \u00d3rf\u00e3, da TV Excelsior. Estreou na Globo em Pecado Rasgado (1978), vivendo, no ano seguinte, Aline em Pai Her\u00f3i. Posteriormente, ela foi escalada para trabalhar em As Tr\u00eas Marias (1980), Chega Mais (1980) e Brilhante (1981), entre outras novelas. Al\u00e9m de atriz, N\u00e1dia tamb\u00e9m foi apresentadora dos musicais Gera\u00e7\u00e3o 80 e Globo de Ouro.<\/p>\n<p>continua depois da publicidade<\/p>\n<p>Em seguida, ela se casou com um empres\u00e1rio e largou a carreira para se dedicar a uma vida longe dos holofotes. Ap\u00f3s alguns anos de afastamento, voltou \u00e0 Globo em dois epis\u00f3dios do Voc\u00ea Decide, em 1996 e 1997, e ainda fez Brida (1998) e Prova de Amor (2005), sua \u00faltima novela at\u00e9 o momento.<\/p>\n<p>Atualmente com 69 anos, a estrela retornou aos holofotes em 2008, quando sua filha Thalita Lippi participou do BBB daquele ano. Vale ressaltar que n\u00e3o existem fotos recentes da atriz, apenas imagens da d\u00e9cada passada.<\/p>\n<p>Isabela Garcia<\/p>\n<p><img decoding=\"async\" class=\"horizontal\" src=\"https:\/\/www.europesays.com\/pt\/wp-content\/uploads\/2025\/08\/pai-heroi-isabela-garcia_5644.jpeg\" alt=\"Terminava h\u00e1 46 anos: como est\u00e3o 6 estrelas de Pai Her\u00f3i\"\/><\/p>\n<p>Isabela Garcia estreou na Globo aos quatro anos, num Caso Especial de 1971. Pai Her\u00f3i foi sua quarta novela; na ocasi\u00e3o, ela viveu a personagem \u00c2ngela. Depois disso, vieram destaques em \u00c1gua Viva (1980), Roda de Fogo (1986), Beb\u00ea a Bordo (1988), Celebridade (2003) e Para\u00edso Tropical (2007), entre outras.<\/p>\n<p>continua depois da publicidade<\/p>\n<p>A atriz diminuiu a presen\u00e7a na telinha a partir dos anos 2010, estando longe das novelas das Globo desde O S\u00e9timo Guardi\u00e3o (2018). Atualmente com 58 anos, trabalha como preparadora de elenco infantil e gravou Dona Beja, que tem previs\u00e3o de estreia para 2026 no Max.<\/p>\n","protected":false},"excerpt":{"rendered":"H\u00e1 exatamente 46 anos, no dia 18 de agosto de 1979, mais um sucesso de Janete Clair terminava&hellip;\n","protected":false},"author":2,"featured_media":35042,"comment_status":"","ping_status":"","sticky":false,"template":"","format":"standard","meta":{"footnotes":""},"categories":[145],"tags":[211,210,114,115,753,161,11002,32,33],"class_list":{"0":"post-35041","1":"post","2":"type-post","3":"status-publish","4":"format-standard","5":"has-post-thumbnail","7":"category-celebridades","8":"tag-celebridades","9":"tag-celebrities","10":"tag-entertainment","11":"tag-entretenimento","12":"tag-globo","13":"tag-novelas","14":"tag-pai-heroi","15":"tag-portugal","16":"tag-pt"},"share_on_mastodon":{"url":"","error":""},"_links":{"self":[{"href":"https:\/\/www.europesays.com\/pt\/wp-json\/wp\/v2\/posts\/35041","targetHints":{"allow":["GET"]}}],"collection":[{"href":"https:\/\/www.europesays.com\/pt\/wp-json\/wp\/v2\/posts"}],"about":[{"href":"https:\/\/www.europesays.com\/pt\/wp-json\/wp\/v2\/types\/post"}],"author":[{"embeddable":true,"href":"https:\/\/www.europesays.com\/pt\/wp-json\/wp\/v2\/users\/2"}],"replies":[{"embeddable":true,"href":"https:\/\/www.europesays.com\/pt\/wp-json\/wp\/v2\/comments?post=35041"}],"version-history":[{"count":0,"href":"https:\/\/www.europesays.com\/pt\/wp-json\/wp\/v2\/posts\/35041\/revisions"}],"wp:featuredmedia":[{"embeddable":true,"href":"https:\/\/www.europesays.com\/pt\/wp-json\/wp\/v2\/media\/35042"}],"wp:attachment":[{"href":"https:\/\/www.europesays.com\/pt\/wp-json\/wp\/v2\/media?parent=35041"}],"wp:term":[{"taxonomy":"category","embeddable":true,"href":"https:\/\/www.europesays.com\/pt\/wp-json\/wp\/v2\/categories?post=35041"},{"taxonomy":"post_tag","embeddable":true,"href":"https:\/\/www.europesays.com\/pt\/wp-json\/wp\/v2\/tags?post=35041"}],"curies":[{"name":"wp","href":"https:\/\/api.w.org\/{rel}","templated":true}]}}