{"id":35056,"date":"2025-08-18T22:53:09","date_gmt":"2025-08-18T22:53:09","guid":{"rendered":"https:\/\/www.europesays.com\/pt\/35056\/"},"modified":"2025-08-18T22:53:09","modified_gmt":"2025-08-18T22:53:09","slug":"adultizacao-felca-acumula-videos-virais-no-youtube-veja-18-08-2025-voce-viu","status":"publish","type":"post","link":"https:\/\/www.europesays.com\/pt\/35056\/","title":{"rendered":"Adultiza\u00e7\u00e3o: Felca acumula v\u00eddeos virais no Youtube; veja &#8211; 18\/08\/2025 &#8211; Voc\u00ea viu?"},"content":{"rendered":"<p>\n<strong class=\"c-signature__location\">S\u00e3o Paulo<\/strong>\n<\/p>\n<p>Felipe Bressanim Pereira, conhecido na <a href=\"https:\/\/www1.folha.uol.com.br\/folha-topicos\/internet\/\" rel=\"nofollow noopener\" target=\"_blank\">internet<\/a> como <a href=\"https:\/\/www1.folha.uol.com.br\/folha-topicos\/felca\/\" rel=\"nofollow noopener\" target=\"_blank\">Felca<\/a>, conquistou fama nacional com o v\u00eddeo &#8220;adultiza\u00e7\u00e3o&#8221;, em que <a href=\"https:\/\/f5.folha.uol.com.br\/televisao\/2025\/08\/internet-nao-e-lugar-para-criancas-diz-felca-em-entrevista-a-serginho-groisman.shtml\" rel=\"nofollow noopener\" target=\"\">critica a erotiza\u00e7\u00e3o de crian\u00e7as nas redes sociais<\/a>.<\/p>\n<p>O conte\u00fado ultrapassou os 40 milh\u00f5es de visualiza\u00e7\u00f5es e se tornou o grande divisor de \u00e1guas em sua trajet\u00f3ria digital. Mas a verdade \u00e9 que o influenciador j\u00e1 vinha acumulando virais muito antes, explorando de forma bem-humorada fen\u00f4menos da internet que iam de tutoriais de maquiagem a receitas inusitadas.<\/p>\n<p>Com 6,27 milh\u00f5es de inscritos em seu canal no <a href=\"https:\/\/www1.folha.uol.com.br\/folha-topicos\/youtube\/\" rel=\"nofollow noopener\" target=\"_blank\">YouTube<\/a> e 18 milh\u00f5es de seguidores no Instagram, Felca consolidou-se como uma das vozes mais populares entre os criadores de conte\u00fado brasileiros. Seu estilo mistura humor \u00e1cido, improviso e capacidade de transformar tend\u00eancias digitais em s\u00e1tira.<\/p>\n<p>Um de seus maiores sucessos veio em maio de 2023, quando decidiu testar a base de maquiagem da influenciadora Virginia Fonseca. O v\u00eddeo, que j\u00e1 ultrapassou 21 milh\u00f5es de visualiza\u00e7\u00f5es, mostra Felca aplicando o produto de maneira exagerada, com o rosto completamente coberto. &#8220;N\u00e3o vou saber dizer se \u00e9 bom porque eu n\u00e3o conhe\u00e7o&#8221;, ironiza, enquanto reclama que os olhos ficaram grudados pelo excesso de base.<\/p>\n<p>Outro exemplo do alcance de seu humor est\u00e1 em &#8220;Receita do <a href=\"https:\/\/www1.folha.uol.com.br\/folha-topicos\/tiktok\/\" rel=\"nofollow noopener\" target=\"_blank\">TikTok<\/a>&#8220;, publicado em abril de 2023, com mais de 8,2 milh\u00f5es de views. Nele, o influenciador analisa preparos culin\u00e1rios virais da plataforma, mas logo se decepciona: &#8220;Se tem uma coisa que eu fa\u00e7o todo dia \u00e9 comer&#8221;, afirma, antes de criticar pratos pouco apetitosos, como miojo com salgadinho Cheetos.<\/p>\n<p>O v\u00eddeo &#8220;Pastora do TikTok&#8221;, postado em mar\u00e7o de 2023, tamb\u00e9m viralizou, acumulando 7,2 milh\u00f5es de visualiza\u00e7\u00f5es. Embora o conte\u00fado seja originalmente do Kwai, Felca usa a grava\u00e7\u00e3o para ironizar os serm\u00f5es de uma jovem pregadora, que aparece de iPhone em m\u00e3os. Ele satiriza n\u00e3o apenas o discurso, mas tamb\u00e9m a rea\u00e7\u00e3o da plateia, que aplaude sem entender direito o que ela quer dizer.<\/p>\n","protected":false},"excerpt":{"rendered":"S\u00e3o Paulo Felipe Bressanim Pereira, conhecido na internet como Felca, conquistou fama nacional com o v\u00eddeo &#8220;adultiza\u00e7\u00e3o&#8221;, em&hellip;\n","protected":false},"author":2,"featured_media":35057,"comment_status":"","ping_status":"","sticky":false,"template":"","format":"standard","meta":{"footnotes":""},"categories":[145],"tags":[219,11003,211,210,223,114,115,224,225,9838,226,221,220,222,549,32,33,548,218,1934,228,227,3004],"class_list":{"0":"post-35056","1":"post","2":"type-post","3":"status-publish","4":"format-standard","5":"has-post-thumbnail","7":"category-celebridades","8":"tag-bichos","9":"tag-bytedance","10":"tag-celebridades","11":"tag-celebrities","12":"tag-colunistas","13":"tag-entertainment","14":"tag-entretenimento","15":"tag-estranho","16":"tag-eu-amo","17":"tag-felca","18":"tag-fofices","19":"tag-horoscopo","20":"tag-humanos","21":"tag-humor","22":"tag-internet","23":"tag-portugal","24":"tag-pt","25":"tag-redes-sociais","26":"tag-televisao","27":"tag-tiktok","28":"tag-tudo","29":"tag-videos","30":"tag-youtube"},"share_on_mastodon":{"url":"","error":""},"_links":{"self":[{"href":"https:\/\/www.europesays.com\/pt\/wp-json\/wp\/v2\/posts\/35056","targetHints":{"allow":["GET"]}}],"collection":[{"href":"https:\/\/www.europesays.com\/pt\/wp-json\/wp\/v2\/posts"}],"about":[{"href":"https:\/\/www.europesays.com\/pt\/wp-json\/wp\/v2\/types\/post"}],"author":[{"embeddable":true,"href":"https:\/\/www.europesays.com\/pt\/wp-json\/wp\/v2\/users\/2"}],"replies":[{"embeddable":true,"href":"https:\/\/www.europesays.com\/pt\/wp-json\/wp\/v2\/comments?post=35056"}],"version-history":[{"count":0,"href":"https:\/\/www.europesays.com\/pt\/wp-json\/wp\/v2\/posts\/35056\/revisions"}],"wp:featuredmedia":[{"embeddable":true,"href":"https:\/\/www.europesays.com\/pt\/wp-json\/wp\/v2\/media\/35057"}],"wp:attachment":[{"href":"https:\/\/www.europesays.com\/pt\/wp-json\/wp\/v2\/media?parent=35056"}],"wp:term":[{"taxonomy":"category","embeddable":true,"href":"https:\/\/www.europesays.com\/pt\/wp-json\/wp\/v2\/categories?post=35056"},{"taxonomy":"post_tag","embeddable":true,"href":"https:\/\/www.europesays.com\/pt\/wp-json\/wp\/v2\/tags?post=35056"}],"curies":[{"name":"wp","href":"https:\/\/api.w.org\/{rel}","templated":true}]}}