{"id":350606,"date":"2026-04-20T16:40:18","date_gmt":"2026-04-20T16:40:18","guid":{"rendered":"https:\/\/www.europesays.com\/pt\/350606\/"},"modified":"2026-04-20T16:40:18","modified_gmt":"2026-04-20T16:40:18","slug":"sofia-sousa-expoe-namorado-e-bernardina-brito-tem-algo-a-dizer","status":"publish","type":"post","link":"https:\/\/www.europesays.com\/pt\/350606\/","title":{"rendered":"Sofia Sousa exp\u00f5e namorado&#8230; e Bernardina Brito tem algo a dizer!"},"content":{"rendered":"<p>Nas \u00faltimas horas, <a href=\"https:\/\/selfie.iol.pt\/famosos\/casa-ds-segredos\/ao-lado-do-namorado-sofia-sousa-desabafa-sim-ja-tomei-decisoes-muito-erradas-na-minha-vida\/20260420\/69e5868fd34e28842c831856\" target=\"_blank\" rel=\"nofollow noopener\">Sofia Sousa<\/a> tem partilhado, no Instagram, muitas declara\u00e7\u00f5es de amor endere\u00e7adas ao namorado: inclusivamente, a ex-concorrente de &#8220;<a href=\"https:\/\/tvi.iol.pt\/secretstory\/\" target=\"_blank\" rel=\"nofollow noopener\">Secret Story &#8211; Casa dos Segredos<\/a>&#8221; publicou uma fotografia do rosto da alma g\u00e9mea.<\/p>\n<p>Na caixa de coment\u00e1rios da publica\u00e7\u00e3o, <a href=\"https:\/\/selfie.iol.pt\/famosos\/casa-dos-segredos\/bernardina-brito-em-biquini-vermelho-cada-mulher-tem-direito-a-ter-estrias-celulite-gorduras-peito-descaido\/20260412\/69dbbe4fd34edcee7c62efc8\" target=\"_blank\" rel=\"nofollow noopener\">Bernardina Brito<\/a> n\u00e3o se mostrou indiferente. &#8220;Que sejam muito felizes. Fazem um casal lindo. Mereces muito, minha linda&#8221;, assinalou a nortenha. E Sofia Sousa agradeceu estas palavras: &#8220;Obrigada, minha Bibi linda. Saudades.&#8221;<\/p>\n<p>Veja, agora, como \u00e9 o namorado de Sofia Sousa na galeria de fotografias que prepar\u00e1mos para si.<\/p>\n","protected":false},"excerpt":{"rendered":"Nas \u00faltimas horas, Sofia Sousa tem partilhado, no Instagram, muitas declara\u00e7\u00f5es de amor endere\u00e7adas ao namorado: inclusivamente, a&hellip;\n","protected":false},"author":2,"featured_media":350607,"comment_status":"","ping_status":"","sticky":false,"template":"","format":"standard","meta":{"footnotes":"","_share_on_mastodon":"0"},"categories":[145],"tags":[5303,2632,211,210,114,115,980,1015,619,32,33,1014,1016,1315,1012,20860,162],"class_list":["post-350606","post","type-post","status-publish","format-standard","has-post-thumbnail","category-celebridades","tag-bernardina-brito","tag-casa-dos-segredos","tag-celebridades","tag-celebrities","tag-entertainment","tag-entretenimento","tag-famosos","tag-instagram","tag-nacional","tag-portugal","tag-pt","tag-reality-show","tag-romance","tag-secret-story","tag-selfie","tag-sofia-sousa","tag-tvi"],"share_on_mastodon":{"url":"https:\/\/pubeurope.com\/@pt\/116438029436566934","error":""},"_links":{"self":[{"href":"https:\/\/www.europesays.com\/pt\/wp-json\/wp\/v2\/posts\/350606","targetHints":{"allow":["GET"]}}],"collection":[{"href":"https:\/\/www.europesays.com\/pt\/wp-json\/wp\/v2\/posts"}],"about":[{"href":"https:\/\/www.europesays.com\/pt\/wp-json\/wp\/v2\/types\/post"}],"author":[{"embeddable":true,"href":"https:\/\/www.europesays.com\/pt\/wp-json\/wp\/v2\/users\/2"}],"replies":[{"embeddable":true,"href":"https:\/\/www.europesays.com\/pt\/wp-json\/wp\/v2\/comments?post=350606"}],"version-history":[{"count":0,"href":"https:\/\/www.europesays.com\/pt\/wp-json\/wp\/v2\/posts\/350606\/revisions"}],"wp:featuredmedia":[{"embeddable":true,"href":"https:\/\/www.europesays.com\/pt\/wp-json\/wp\/v2\/media\/350607"}],"wp:attachment":[{"href":"https:\/\/www.europesays.com\/pt\/wp-json\/wp\/v2\/media?parent=350606"}],"wp:term":[{"taxonomy":"category","embeddable":true,"href":"https:\/\/www.europesays.com\/pt\/wp-json\/wp\/v2\/categories?post=350606"},{"taxonomy":"post_tag","embeddable":true,"href":"https:\/\/www.europesays.com\/pt\/wp-json\/wp\/v2\/tags?post=350606"}],"curies":[{"name":"wp","href":"https:\/\/api.w.org\/{rel}","templated":true}]}}