{"id":350608,"date":"2026-04-20T16:41:16","date_gmt":"2026-04-20T16:41:16","guid":{"rendered":"https:\/\/www.europesays.com\/pt\/350608\/"},"modified":"2026-04-20T16:41:16","modified_gmt":"2026-04-20T16:41:16","slug":"o-que-vai-acontecer-com-a-estatua-de-iemanja-em-barra-velha","status":"publish","type":"post","link":"https:\/\/www.europesays.com\/pt\/350608\/","title":{"rendered":"O que vai acontecer com a est\u00e1tua de Iemanj\u00e1 em Barra Velha"},"content":{"rendered":"<p>                            <img width=\"944\" height=\"531\" src=\"https:\/\/www.europesays.com\/pt\/wp-content\/uploads\/2026\/04\/estatua-iemanja-barra-velha-4-944x531.jpg\" class=\"attachment-custom-large size-custom-large article-featured-image\" alt=\"est\u00e1tua de iemanj\u00e1\" fetchpriority=\"high\" decoding=\"async\"  \/><\/p>\n<p class=\"image-caption\">Est\u00e1tua \u00e9 simb\u00f3lica na cidade (Foto: Divulga\u00e7\u00e3o, Prefeitura de Barra Velha)<\/p>\n<p>A famosa est\u00e1tua de Iemanj\u00e1, que fica no <strong><a href=\"https:\/\/www.nsctotal.com.br\/noticias\/o-naufragio-por-tras-do-nome-de-um-dos-principais-pontos-turisticos-de-barra-velha\" target=\"_blank\" rel=\"noreferrer noopener nofollow\">Cost\u00e3o dos N\u00e1ufragos<\/a><\/strong> em Barra Velha, no Litoral Norte de Santa Catarina, vai ser restaurada. Quem passa pelo ponto tur\u00edstico j\u00e1 encontra uma estrutura montada no espa\u00e7o. Uma artista pl\u00e1stica da cidade ser\u00e1 a respons\u00e1vel pelo trabalho.<\/p>\n<p>Continua depois da publicidade<\/p>\n<p>A Funda\u00e7\u00e3o de Turismo e Cultura do munic\u00edpio divulgou, nesse domingo (19), que a restaura\u00e7\u00e3o j\u00e1 teve in\u00edcio e afirmou que o local \u00e9 um dos mais simb\u00f3licos da orla.<\/p>\n<p>Confira fotos da est\u00e1tua que passa por restaura\u00e7\u00e3o1<\/p>\n<p>VoltarAvan\u00e7ar<\/p>\n<p><img loading=\"lazy\" decoding=\"async\" width=\"1200\" height=\"675\" data-id=\"7880704\" src=\"https:\/\/www.europesays.com\/pt\/wp-content\/uploads\/2026\/04\/estatua-iemanja-barra-velha-2.jpg\" alt=\"\" class=\"wp-image-7880704\"  \/><\/p>\n<p>Est\u00e1tua passa por a\u00e7\u00f5es de restauro (Foto: Divulga\u00e7\u00e3o, Prefeitura de Barra Velha)<\/p>\n<p><img loading=\"lazy\" decoding=\"async\" width=\"1200\" height=\"675\" data-id=\"7880705\" src=\"https:\/\/www.europesays.com\/pt\/wp-content\/uploads\/2026\/04\/estatua-iemanja-barra-velha-3.jpg\" alt=\"\" class=\"wp-image-7880705\"  \/><\/p>\n<p>Obra ser\u00e1 restaurada (Foto: Divulga\u00e7\u00e3o, Prefeitura de Barra Velha)<\/p>\n<p><img loading=\"lazy\" decoding=\"async\" width=\"1200\" height=\"675\" data-id=\"7880708\" src=\"https:\/\/www.europesays.com\/pt\/wp-content\/uploads\/2026\/04\/estatua-iemanja-barra-velha-4.jpg\" alt=\"\" class=\"wp-image-7880708\"  \/><\/p>\n<p>Est\u00e1tua fica no Cost\u00e3o dos N\u00e1ufragos, em Barra Velha (Foto: Divulga\u00e7\u00e3o, Prefeitura de Barra Velha)<\/p>\n<p><img loading=\"lazy\" decoding=\"async\" width=\"1200\" height=\"675\" data-id=\"7880706\" src=\"https:\/\/www.europesays.com\/pt\/wp-content\/uploads\/2026\/04\/estatua-iemanja-barra-velha-5.jpg\" alt=\"\" class=\"wp-image-7880706\"  \/><\/p>\n<p>Iemanj\u00e1 representa a f\u00e9 (Foto: Divulga\u00e7\u00e3o, Prefeitura de Barra Velha)<\/p>\n<p><img loading=\"lazy\" decoding=\"async\" width=\"1200\" height=\"675\" data-id=\"7880707\" src=\"https:\/\/www.europesays.com\/pt\/wp-content\/uploads\/2026\/04\/estatua-iemanja-barra-velha.jpg\" alt=\"\" class=\"wp-image-7880707\"  \/><\/p>\n<p>Est\u00e1tua passa por a\u00e7\u00f5es de restauro  (Foto: Divulga\u00e7\u00e3o, Prefeitura de Barra Velha)<\/p>\n<p>Como ser\u00e1 o trabalho<\/p>\n<p>A execu\u00e7\u00e3o da restaura\u00e7\u00e3o \u00e9 realizada pela artista pl\u00e1stica Lucia Liamir, com foco na conserva\u00e7\u00e3o da obra, protegendo o monumento contra a a\u00e7\u00e3o do tempo e mantendo sua beleza e significado.<\/p>\n<p>\u201cMais do que uma escultura, Iemanj\u00e1 representa a f\u00e9, a diversidade religiosa e a forte conex\u00e3o da nossa cidade com o mar, sendo refer\u00eancia para manifesta\u00e7\u00f5es culturais e tradi\u00e7\u00f5es que fazem parte da nossa identidade\u201d, destaca a funda\u00e7\u00e3o.<\/p>\n<p>O \u00f3rg\u00e3o tamb\u00e9m refor\u00e7ou que trabalha para expandir as a\u00e7\u00f5es de <strong><a href=\"https:\/\/www.instagram.com\/p\/DXSTsDZDwu7\/?utm_source=ig_web_button_share_sheet\" target=\"_blank\" rel=\"noreferrer noopener nofollow\">manuten\u00e7\u00e3o e restaura\u00e7\u00e3o<\/a><\/strong> para outros monumentos da cidade.<\/p>\n<p>Continua depois da publicidade<\/p>\n<p>O naufr\u00e1gio por tr\u00e1s do nome do ponto tur\u00edstico\u00a0<\/p>\n<p>Uma bela paisagem admirada por muitos turistas no litoral catarinense j\u00e1 foi cen\u00e1rio de uma quase trag\u00e9dia no s\u00e9culo 19. Em 1865, um grupo de combatentes da Guerra do Paraguai naufragou em uma das praias de Barra Velha. O local ficou conhecido como Cost\u00e3o dos N\u00e1ufragos e \u00e9 um dos pontos mais procurados pelos turistas.<\/p>\n<p>O Cost\u00e3o fica entre a Praia do Tabuleiro e a Praia Central, que est\u00e3o entre as\u00a0<strong><a href=\"https:\/\/www.nsctotal.com.br\/noticias\/quais-sao-as-seis-melhores-praias-de-barra-velha-segundo-aplicativo-de-turismo\" target=\"_blank\" rel=\"noreferrer noopener nofollow\">melhores praias de Barra Velha<\/a><\/strong>.<\/p>\n<p>Veja fotos do Cost\u00e3o1<\/p>\n<p>VoltarAvan\u00e7ar<\/p>\n<p><img loading=\"lazy\" decoding=\"async\" width=\"1200\" height=\"675\" data-id=\"7400337\" src=\"https:\/\/www.europesays.com\/pt\/wp-content\/uploads\/2026\/04\/costao-dos-naufragos-divulgacao-5.jpg\" alt=\"\" class=\"wp-image-7400337\"  \/><\/p>\n<p>Naufr\u00e1gio aconteceu em 1865 (Foto: Divulga\u00e7\u00e3o)<\/p>\n<p><img loading=\"lazy\" decoding=\"async\" width=\"1200\" height=\"675\" data-id=\"7400342\" src=\"https:\/\/www.europesays.com\/pt\/wp-content\/uploads\/2026\/04\/costao-dos-naufragos-divulgacao-2.jpg\" alt=\"\" class=\"wp-image-7400342\"  \/><\/p>\n<p>Acontecimento deu origem ao nome do cost\u00e3o (Foto: Divulga\u00e7\u00e3o, Prefeitura de Barra Velha)<\/p>\n<p><img loading=\"lazy\" decoding=\"async\" width=\"1200\" height=\"675\" data-id=\"7400340\" src=\"https:\/\/www.europesays.com\/pt\/wp-content\/uploads\/2026\/04\/costao-dos-naufragos-divulgacao-3.jpg\" alt=\"\" class=\"wp-image-7400340\"  \/><\/p>\n<p>Sobreviventes estavam indo para a Guerra do Paraguai (Foto: Divulga\u00e7\u00e3o, Prefeitura de Barra Velha)<\/p>\n<p><img loading=\"lazy\" decoding=\"async\" width=\"1200\" height=\"675\" data-id=\"7400336\" src=\"https:\/\/www.europesays.com\/pt\/wp-content\/uploads\/2026\/04\/costao-dos-naufragos-divulgacao-6.jpg\" alt=\"\" class=\"wp-image-7400336\"  \/><\/p>\n<p>Na \u00e9poca, um cruzeiro de madeira foi colocado ali para marcar o local do naufr\u00e1gio (Foto: Divulga\u00e7\u00e3o, Prefeitura de Barra Velha)<\/p>\n<p><img loading=\"lazy\" decoding=\"async\" width=\"1200\" height=\"675\" data-id=\"7400338\" src=\"https:\/\/www.europesays.com\/pt\/wp-content\/uploads\/2026\/04\/costao-dos-naufragos-divulgacao-4.jpg\" alt=\"\" class=\"wp-image-7400338\"  \/><\/p>\n<p>O Cost\u00e3o dos N\u00e1ufragos \u00e9 um dos principais pontos tur\u00edsticos de Barra Velha (Foto: Divulga\u00e7\u00e3o, Prefeitura de Barra Velha)<\/p>\n<p><img loading=\"lazy\" decoding=\"async\" width=\"1200\" height=\"675\" data-id=\"7400343\" src=\"https:\/\/www.europesays.com\/pt\/wp-content\/uploads\/2026\/04\/costao-dos-naufragos-divulgacao.jpg\" alt=\"\" class=\"wp-image-7400343\"  \/><\/p>\n<p>A praia do Cost\u00e3o \u00e9 considerada uma das melhores da cidade (Foto: Divulga\u00e7\u00e3o, Prefeitura de Barra Velha)<\/p>\n<p><img loading=\"lazy\" decoding=\"async\" width=\"1200\" height=\"675\" data-id=\"7400345\" src=\"https:\/\/www.europesays.com\/pt\/wp-content\/uploads\/2026\/04\/costao-dos-naufragos-divulgacao-7.jpg\" alt=\"\" class=\"wp-image-7400345\"  \/><\/p>\n<p>A est\u00e1tua de Iemanj\u00e1 no Cost\u00e3o \u00e9 um dos principais pontos visitados pelos turistas (Foto: Divulga\u00e7\u00e3o, Prefeitura de Barra Velha)<\/p>\n<p>A Guerra do Paraguai foi um dos principais conflitos das Am\u00e9ricas e uniu a Tr\u00edplice Alian\u00e7a, formada pelo Brasil, Uruguai e Argentina, contra o Paraguai, que queria anexar terras brasileiras ao seu territ\u00f3rio.<\/p>\n<p>Segundo Juliano Bernardes, professor e historiador, em junho de 1865, combatentes do grupo \u201cVolunt\u00e1rios da P\u00e1tria\u201d sa\u00edram da Para\u00edba, no Nordeste brasileiro, em dire\u00e7\u00e3o \u00e0 Guerra para apoiar as tropas brasileiras. Enquanto passavam por Barra Velha, a embarca\u00e7\u00e3o naufragou, provavelmente devido \u00e0 uma tempestade que atingiu a regi\u00e3o.<\/p>\n<p>Continua depois da publicidade<\/p>\n<p>O historiador tamb\u00e9m pontua que o mar agitado e as grandes pedras das praias possam ter colaborado para o naufr\u00e1gio.<\/p>\n<p>\u2014 Vemos at\u00e9 hoje que ali naquela regi\u00e3o quando h\u00e1 ressaca, o mar fica muito, muito revoltado. Ent\u00e3o essa provavelmente teria sido a causa do naufr\u00e1gio. Na Praia Central tamb\u00e9m h\u00e1 aquelas pedras que a embarca\u00e7\u00e3o poderia ter se chocado. Mas n\u00e3o se sabe, at\u00e9 porque at\u00e9 hoje n\u00e3o foi encontrada essa embarca\u00e7\u00e3o \u2014 argumenta.<\/p>\n<p>Segundo o professor, os sobreviventes nadaram at\u00e9 a costa, foram acolhidos pelos moradores e ficaram cerca de oito dias no munic\u00edpio.<\/p>\n<p>*Sob supervis\u00e3o de Leandro Ferreira<\/p>\n<p>                    <script async src=\"\/\/www.instagram.com\/embed.js\"><\/script><\/p>\n","protected":false},"excerpt":{"rendered":"Est\u00e1tua \u00e9 simb\u00f3lica na cidade (Foto: Divulga\u00e7\u00e3o, Prefeitura de Barra Velha) A famosa est\u00e1tua de Iemanj\u00e1, que fica&hellip;\n","protected":false},"author":2,"featured_media":350609,"comment_status":"","ping_status":"","sticky":false,"template":"","format":"standard","meta":{"footnotes":"","_share_on_mastodon":"0"},"categories":[144],"tags":[207,205,206,203,201,202,829,204,114,115,2768,32,80,33,2503],"class_list":["post-350608","post","type-post","status-publish","format-standard","has-post-thumbnail","category-arte-e-design","tag-arte","tag-arte-e-design","tag-artedesign","tag-arts","tag-arts-and-design","tag-artsanddesign","tag-conteudo-liberado","tag-design","tag-entertainment","tag-entretenimento","tag-estatua","tag-portugal","tag-praia","tag-pt","tag-restauracao"],"share_on_mastodon":{"url":"https:\/\/pubeurope.com\/@pt\/116438033713508926","error":""},"_links":{"self":[{"href":"https:\/\/www.europesays.com\/pt\/wp-json\/wp\/v2\/posts\/350608","targetHints":{"allow":["GET"]}}],"collection":[{"href":"https:\/\/www.europesays.com\/pt\/wp-json\/wp\/v2\/posts"}],"about":[{"href":"https:\/\/www.europesays.com\/pt\/wp-json\/wp\/v2\/types\/post"}],"author":[{"embeddable":true,"href":"https:\/\/www.europesays.com\/pt\/wp-json\/wp\/v2\/users\/2"}],"replies":[{"embeddable":true,"href":"https:\/\/www.europesays.com\/pt\/wp-json\/wp\/v2\/comments?post=350608"}],"version-history":[{"count":0,"href":"https:\/\/www.europesays.com\/pt\/wp-json\/wp\/v2\/posts\/350608\/revisions"}],"wp:featuredmedia":[{"embeddable":true,"href":"https:\/\/www.europesays.com\/pt\/wp-json\/wp\/v2\/media\/350609"}],"wp:attachment":[{"href":"https:\/\/www.europesays.com\/pt\/wp-json\/wp\/v2\/media?parent=350608"}],"wp:term":[{"taxonomy":"category","embeddable":true,"href":"https:\/\/www.europesays.com\/pt\/wp-json\/wp\/v2\/categories?post=350608"},{"taxonomy":"post_tag","embeddable":true,"href":"https:\/\/www.europesays.com\/pt\/wp-json\/wp\/v2\/tags?post=350608"}],"curies":[{"name":"wp","href":"https:\/\/api.w.org\/{rel}","templated":true}]}}