{"id":35069,"date":"2025-08-18T23:04:13","date_gmt":"2025-08-18T23:04:13","guid":{"rendered":"https:\/\/www.europesays.com\/pt\/35069\/"},"modified":"2025-08-18T23:04:13","modified_gmt":"2025-08-18T23:04:13","slug":"ascensao-de-rodrigo-pereira-na-bolivia-marginalizado-nas-sondagens-discutira-segunda-volta-inedita-com-ex-presidente-tuto-quiroga","status":"publish","type":"post","link":"https:\/\/www.europesays.com\/pt\/35069\/","title":{"rendered":"Ascens\u00e3o de Rodrigo Pereira na Bol\u00edvia: marginalizado nas sondagens discutir\u00e1 segunda volta in\u00e9dita com ex-Presidente \u201cTuto\u201d Quiroga"},"content":{"rendered":"<p>Se antes as sondagens apontavam para uma disputa numa in\u00e9dita segunda volta entre a direita e a centro-direita, o resultado das urnas indica deste domingo (17) uma disputa entre a direita e o centro, sem que o embate tenha representantes dos extremos, como foram as \u00faltimas elei\u00e7\u00f5es na Am\u00e9rica Latina.<\/p>\n<p>\u201c<strong>Estamos perante um novo cen\u00e1rio pol\u00edtico na Bol\u00edvia<\/strong>. N\u00e3o apenas acabou a hegemonia do MAS, mas tamb\u00e9m vemos que os elementos cl\u00e1ssicos de uma polariza\u00e7\u00e3o t\u00eam agora menor peso. Isso faz com que esta segunda volta, in\u00e9dita na hist\u00f3ria do pa\u00eds, seja tamb\u00e9m in\u00e9dita por n\u00e3o ter um choque entre duas vis\u00f5es ideol\u00f3gicas antag\u00f3nicas como aconteceu ao longo dos \u00faltimos 20 anos. O que parece estar em jogo foi o que trouxe Paz Pereira at\u00e9 aqui: o desejo de boa parte dos eleitores por uma <strong>renova\u00e7\u00e3o na pol\u00edtica<\/strong>\u201d, aponta o analista pol\u00edtico, Gustavo Pedraza. \u201cA matriz deste resultado surpreendente \u00e9 a vontade do povo boliviano de uma renova\u00e7\u00e3o\u201d, refor\u00e7a.<\/p>\n<p><a href=\"https:\/\/expresso.pt\/promo\/data\/content\/binaries\/custom\/expresso\/digital\/COGB6.html?returnUrl=https:\/\/expresso.pt\/internacional\/america-latina\/2025-08-18-ascensao-de-rodrigo-pereira-na-bolivia-marginalizado-nas-sondagens-discutira-segunda-volta-inedita-com-ex-presidente-tuto-quiroga-ed2090e2&amp;utm_source=expresso&amp;utm_medium=locked_article&amp;locked=true&amp;article_id=ef4a1121-27d0-408a-a397-02d5f1b5e5e1&amp;author_id=M\u00e1rcio+Resende&amp;category=Am\u00e9rica+Latina\" target=\"_self\" class=\"\" rel=\"nofollow noopener\">Subscrever<\/a>J\u00e1 \u00e9 Subscritor?Fa\u00e7a login e continue a ler<a href=\"http:\/\/expresso.pt\/codigo?redirectUrl=https:\/\/expresso.pt\/internacional\/america-latina\/2025-08-18-ascensao-de-rodrigo-pereira-na-bolivia-marginalizado-nas-sondagens-discutira-segunda-volta-inedita-com-ex-presidente-tuto-quiroga-ed2090e2\" target=\"_self\" class=\"\" rel=\"nofollow noopener\">Inserir C\u00f3digo<\/a>Comprou o Expresso?Insira o c\u00f3digo presente na Revista E para continuar a ler<\/p>\n","protected":false},"excerpt":{"rendered":"Se antes as sondagens apontavam para uma disputa numa in\u00e9dita segunda volta entre a direita e a centro-direita,&hellip;\n","protected":false},"author":2,"featured_media":35070,"comment_status":"","ping_status":"","sticky":false,"template":"","format":"standard","meta":{"footnotes":""},"categories":[50],"tags":[27,28,15,16,14,25,26,21,22,62,12,13,19,20,23,24,17,18,29,30,31,63,64,65],"class_list":{"0":"post-35069","1":"post","2":"type-post","3":"status-publish","4":"format-standard","5":"has-post-thumbnail","7":"category-mundo","8":"tag-breaking-news","9":"tag-breakingnews","10":"tag-featured-news","11":"tag-featurednews","12":"tag-headlines","13":"tag-latest-news","14":"tag-latestnews","15":"tag-main-news","16":"tag-mainnews","17":"tag-mundo","18":"tag-news","19":"tag-noticias","20":"tag-noticias-principais","21":"tag-noticiasprincipais","22":"tag-principais-noticias","23":"tag-principaisnoticias","24":"tag-top-stories","25":"tag-topstories","26":"tag-ultimas","27":"tag-ultimas-noticias","28":"tag-ultimasnoticias","29":"tag-world","30":"tag-world-news","31":"tag-worldnews"},"share_on_mastodon":{"url":"","error":""},"_links":{"self":[{"href":"https:\/\/www.europesays.com\/pt\/wp-json\/wp\/v2\/posts\/35069","targetHints":{"allow":["GET"]}}],"collection":[{"href":"https:\/\/www.europesays.com\/pt\/wp-json\/wp\/v2\/posts"}],"about":[{"href":"https:\/\/www.europesays.com\/pt\/wp-json\/wp\/v2\/types\/post"}],"author":[{"embeddable":true,"href":"https:\/\/www.europesays.com\/pt\/wp-json\/wp\/v2\/users\/2"}],"replies":[{"embeddable":true,"href":"https:\/\/www.europesays.com\/pt\/wp-json\/wp\/v2\/comments?post=35069"}],"version-history":[{"count":0,"href":"https:\/\/www.europesays.com\/pt\/wp-json\/wp\/v2\/posts\/35069\/revisions"}],"wp:featuredmedia":[{"embeddable":true,"href":"https:\/\/www.europesays.com\/pt\/wp-json\/wp\/v2\/media\/35070"}],"wp:attachment":[{"href":"https:\/\/www.europesays.com\/pt\/wp-json\/wp\/v2\/media?parent=35069"}],"wp:term":[{"taxonomy":"category","embeddable":true,"href":"https:\/\/www.europesays.com\/pt\/wp-json\/wp\/v2\/categories?post=35069"},{"taxonomy":"post_tag","embeddable":true,"href":"https:\/\/www.europesays.com\/pt\/wp-json\/wp\/v2\/tags?post=35069"}],"curies":[{"name":"wp","href":"https:\/\/api.w.org\/{rel}","templated":true}]}}