{"id":35079,"date":"2025-08-18T23:12:10","date_gmt":"2025-08-18T23:12:10","guid":{"rendered":"https:\/\/www.europesays.com\/pt\/35079\/"},"modified":"2025-08-18T23:12:10","modified_gmt":"2025-08-18T23:12:10","slug":"novo-membro-dos-vingadores-e-tao-poderoso-que-ate-a-marvel-o-declarou-um-deus","status":"publish","type":"post","link":"https:\/\/www.europesays.com\/pt\/35079\/","title":{"rendered":"Novo membro dos Vingadores \u00e9 t\u00e3o poderoso que at\u00e9 a Marvel o declarou um deus"},"content":{"rendered":"<p style=\"text-align: justify\">Quando pensamos em seres poderosos do universo Marvel, certamente nos vem \u00e0 mente Thanos, Feiticeira Escarlate ou Thor. N\u00e3o \u00e9 de se admirar: muitos de n\u00f3s fomos condicionados pelo Universo Cinematogr\u00e1fico Marvel a um n\u00famero limitado de personagens.<\/p>\n<p style=\"text-align: justify\">Mas existem in\u00fameros personagens nos quadrinhos que facilmente superam os personagens do MCU at\u00e9 agora. Um deles \u00e9 Beta Ray Bill. O qu\u00e3o poderoso o personagem realmente \u00e9 nos foi revelado em uma nova hist\u00f3ria em quadrinhos.<\/p>\n<p>Um verdadeiro deus<\/p>\n<p style=\"text-align: justify\"><a href=\"https:\/\/screenrant.com\/new-founding-avengers-hero-beta-ray-bill-god\/\" rel=\"noopener nofollow\" target=\"_blank\">Na edi\u00e7\u00e3o 11 da s\u00e9rie de quadrinhos Storm<\/a>, criada por Murewa Ayodele, Carlos Fabian Villa, Mario Santoro, Alex Guimar\u00e3es, Fernando Sifuentes e Travis Lanham, a situa\u00e7\u00e3o est\u00e1 bastante complicada, pois Hadad est\u00e1 chegando \u2014 o primeiro e todo poderoso deus da tempestade do mundo Marvel. Seu principal objetivo \u00e9 a destrui\u00e7\u00e3o da Terra-616.<\/p>\n<p><img decoding=\"async\" alt=\"\" src=\"https:\/\/www.europesays.com\/pt\/wp-content\/uploads\/2025\/08\/AD_4nXemxxRtjFPU6QeTvJHnJcSPEOAY4OylDcho6uWL_4uq3W6ijfxe8M3iCoxGgnGwEHusWDGYP6FkVIXn26sL7Z_8tbqDvOQm.png\" viewbox=\"0 0 16 9\"\/><br \/>\nimagem: marvel | screenrant<\/p>\n<p>Um breve resumo:<\/p>\n<p style=\"text-align: justify\">A terra natal do korbinita Beta Ray Bill chamava-se Gal\u00e1xia Ardente. Chamava-se assim porque o vil\u00e3o Surtur a destruiu. Os sobreviventes escolheram Beta Ray Bill como her\u00f3i, para conduzi-los a um novo e glorioso futuro.<\/p>\n<p style=\"text-align: justify\">Beta Ray Bill foi ent\u00e3o transformado em um ser cibern\u00e9tico, que mais tarde recebeu uma forte carga de poder do supremo asgardiano Odin. Entre outras coisas, ele se regenera na velocidade da luz e sua for\u00e7a, resist\u00eancia e velocidade ultrapassam qualquer escala.<\/p>\n<p>Cr\u00e9dito da mat\u00e9ria: Gamestar<\/p>\n<p>Inscreva-se no canal do<strong> IGN Brasil<\/strong> no<a href=\"https:\/\/www.youtube.com\/c\/ignbrasil\" rel=\"noopener nofollow\" target=\"_blank\"> Youtube<\/a> e visite as nossas p\u00e1ginas no<a href=\"https:\/\/www.facebook.com\/ignbrasil\/\" rel=\"noopener nofollow\" target=\"_blank\"> Facebook<\/a>, <a href=\"https:\/\/twitter.com\/IGNBrasil\" rel=\"noopener nofollow\" target=\"_blank\">Twitter<\/a>,<a href=\"https:\/\/bsky.app\/profile\/ignbrasil.bsky.social\" rel=\"noopener nofollow\" target=\"_blank\"> BlueSky<\/a>,<a href=\"https:\/\/www.threads.net\/@ignbrasil\" rel=\"noopener nofollow\" target=\"_blank\"> Threads<\/a>,<a href=\"https:\/\/www.instagram.com\/ignbrasil\/\" rel=\"noopener nofollow\" target=\"_blank\"> Instagram<\/a> e<a href=\"https:\/\/www.twitch.tv\/ignbrasil\" rel=\"noopener nofollow\" target=\"_blank\"> Twitch<\/a>! <\/p>\n<p>                <script async src=\"https:\/\/platform.twitter.com\/widgets.js\" charset=\"utf-8\"><\/script><script async src=\"\/\/www.instagram.com\/embed.js\"><\/script><\/p>\n","protected":false},"excerpt":{"rendered":"Quando pensamos em seres poderosos do universo Marvel, certamente nos vem \u00e0 mente Thanos, Feiticeira Escarlate ou Thor.&hellip;\n","protected":false},"author":2,"featured_media":35080,"comment_status":"","ping_status":"","sticky":false,"template":"","format":"standard","meta":{"footnotes":""},"categories":[140],"tags":[114,115,147,148,146,32,33],"class_list":{"0":"post-35079","1":"post","2":"type-post","3":"status-publish","4":"format-standard","5":"has-post-thumbnail","7":"category-filmes","8":"tag-entertainment","9":"tag-entretenimento","10":"tag-film","11":"tag-filmes","12":"tag-movies","13":"tag-portugal","14":"tag-pt"},"share_on_mastodon":{"url":"","error":""},"_links":{"self":[{"href":"https:\/\/www.europesays.com\/pt\/wp-json\/wp\/v2\/posts\/35079","targetHints":{"allow":["GET"]}}],"collection":[{"href":"https:\/\/www.europesays.com\/pt\/wp-json\/wp\/v2\/posts"}],"about":[{"href":"https:\/\/www.europesays.com\/pt\/wp-json\/wp\/v2\/types\/post"}],"author":[{"embeddable":true,"href":"https:\/\/www.europesays.com\/pt\/wp-json\/wp\/v2\/users\/2"}],"replies":[{"embeddable":true,"href":"https:\/\/www.europesays.com\/pt\/wp-json\/wp\/v2\/comments?post=35079"}],"version-history":[{"count":0,"href":"https:\/\/www.europesays.com\/pt\/wp-json\/wp\/v2\/posts\/35079\/revisions"}],"wp:featuredmedia":[{"embeddable":true,"href":"https:\/\/www.europesays.com\/pt\/wp-json\/wp\/v2\/media\/35080"}],"wp:attachment":[{"href":"https:\/\/www.europesays.com\/pt\/wp-json\/wp\/v2\/media?parent=35079"}],"wp:term":[{"taxonomy":"category","embeddable":true,"href":"https:\/\/www.europesays.com\/pt\/wp-json\/wp\/v2\/categories?post=35079"},{"taxonomy":"post_tag","embeddable":true,"href":"https:\/\/www.europesays.com\/pt\/wp-json\/wp\/v2\/tags?post=35079"}],"curies":[{"name":"wp","href":"https:\/\/api.w.org\/{rel}","templated":true}]}}