{"id":35081,"date":"2025-08-18T23:13:09","date_gmt":"2025-08-18T23:13:09","guid":{"rendered":"https:\/\/www.europesays.com\/pt\/35081\/"},"modified":"2025-08-18T23:13:09","modified_gmt":"2025-08-18T23:13:09","slug":"fc-porto-passa-com-seguranca-o-teste-de-barcelos-cronica-de-jogo","status":"publish","type":"post","link":"https:\/\/www.europesays.com\/pt\/35081\/","title":{"rendered":"FC Porto passa com seguran\u00e7a o teste de Barcelos | Cr\u00f3nica de jogo"},"content":{"rendered":"<p>Tr\u00eas anos depois, o FC Porto voltou a vencer em Barcelos, superando, por 0-2, um Gil Vicente que ainda esbo\u00e7ou uma reac\u00e7\u00e3o no fim da primeira parte, mas que se revelou demasiado curta para travar a marcha do novo &#8220;drag\u00e3o&#8221; de Francesco Farioli.<\/p>\n<p>Froholdt (20&#8242;) e Pep\u00ea (47&#8242;) foram os portistas em destaque com duas finaliza\u00e7\u00f5es que decidiram a noite que fechou a 2.\u00aa jornada da Liga e colocou os portistas no lote das equipas s\u00f3 com triunfos. Uma vit\u00f3ria sem contesta\u00e7\u00e3o, mas que deixou mais uma marca nos &#8220;azuis e brancos&#8221;, que perderam Samu.<\/p>\n<p>O Gil Vicente esperou pelo FC Porto, pressionando perto da \u00e1rea a sa\u00edda do advers\u00e1rio, com seis unidades, em 4x4x2, pelo que o primeiro sinal de relativo perigo s\u00f3 surgiu num livre frontal mas longe do alvo de Bermejo (17&#8242;).<\/p>\n<p>At\u00e9 esse instante, controlo absoluto do FC Porto. Dom\u00ednio, contudo, sem correspond\u00eancia em termos de oportunidades claras criadas, apesar de alguns movimentos reveladores de que os &#8220;azuis e brancos&#8221; s\u00f3 precisavam de manter o crit\u00e9rio e a paci\u00eancia.<\/p>\n<p><a href=\"https:\/\/www.publico.pt\/2025\/07\/07\/desporto\/noticia\/farioli-novo-treinador-fc-porto-trazer-clube-certa-mentalidade-2139242\" rel=\"nofollow noopener\" target=\"_blank\">Francesco Farioli<\/a> fez apenas uma altera\u00e7\u00e3o relativamente ao <a href=\"https:\/\/www.publico.pt\/2025\/08\/11\/desporto\/cronica_de_jogo\/fc-porto-mostrou-vitoria-ja-sabe-2143673\" rel=\"nofollow noopener\" target=\"_blank\">encontro com o Vit\u00f3ria SC<\/a>, no Drag\u00e3o, com Zaidu a surgir no corredor esquerdo. Uma troca for\u00e7ada pela <a href=\"https:\/\/www.publico.pt\/2025\/08\/12\/desporto\/noticia\/martim-fernandes-sofre-lesao-ligamento-joelho-esquerdo-2143750\" rel=\"nofollow noopener\" target=\"_blank\">les\u00e3o de Martim Fernandes.<\/a><\/p>\n<p>        &#13;<\/p>\n<blockquote class=\"twitter-tweet\" data-media-max-width=\"560\">\n<p lang=\"ca\" dir=\"ltr\">Froholdt estreia-se a marcar na Liga Portugal Betclic ??<a href=\"https:\/\/twitter.com\/hashtag\/sporttvportugal?src=hash&amp;ref_src=twsrc%5Etfw\" rel=\"nofollow noopener\" target=\"_blank\">#sporttvportugal<\/a> <a href=\"https:\/\/twitter.com\/hashtag\/LIGAnaSPORTTV?src=hash&amp;ref_src=twsrc%5Etfw\" rel=\"nofollow noopener\" target=\"_blank\">#LIGAnaSPORTTV<\/a> <a href=\"https:\/\/twitter.com\/hashtag\/LigaPortugalBetclic?src=hash&amp;ref_src=twsrc%5Etfw\" rel=\"nofollow noopener\" target=\"_blank\">#LigaPortugalBetclic<\/a> <a href=\"https:\/\/twitter.com\/hashtag\/gilvicente?src=hash&amp;ref_src=twsrc%5Etfw\" rel=\"nofollow noopener\" target=\"_blank\">#gilvicente<\/a> <a href=\"https:\/\/twitter.com\/hashtag\/fcporto?src=hash&amp;ref_src=twsrc%5Etfw\" rel=\"nofollow noopener\" target=\"_blank\">#fcporto<\/a> <a href=\"https:\/\/twitter.com\/hashtag\/betanolp?src=hash&amp;ref_src=twsrc%5Etfw\" rel=\"nofollow noopener\" target=\"_blank\">#betanolp<\/a> <a href=\"https:\/\/t.co\/HhzhmGJGiY\" rel=\"nofollow\">pic.twitter.com\/HhzhmGJGiY<\/a><\/p>\n<p>\u2014 sport tv (@sporttvportugal) <a href=\"https:\/\/twitter.com\/sporttvportugal\/status\/1957536149653594431?ref_src=twsrc%5Etfw\" rel=\"nofollow noopener\" target=\"_blank\">August 18, 2025<\/a><\/p><\/blockquote>\n<p> &#13;<\/p>\n<p>Quanto a Rodrigo Mora, nada de novo. O t\u00e9cnico manteve a f\u00f3rmula que lhe tem garantido um percurso limpo desde o in\u00edcio da pr\u00e9-\u00e9poca, apesar de estar pela primeira vez a jogar como visitante.<\/p>\n<p>Na equipa continua outro jovem, o <a href=\"https:\/\/www.publico.pt\/2025\/08\/03\/desporto\/noticia\/fc-porto-apresentase-surpresa-boas-noticias-2142789\" rel=\"nofollow noopener\" target=\"_blank\">dinamarqu\u00eas Froholdt,<\/a> o novo menino bonito dos &#8220;drag\u00f5es&#8221; que aproveitou para se estrear a marcar em jogos oficiais. Um golo de cabe\u00e7a, ao primeiro poste, na sequ\u00eancia de um canto que surpreendeu os gilistas aos 20 minutos.<\/p>\n<p>Demasiado cedo para os planos dos gilistas, compelidos a dividir mais a despesa. Um dilema acentuado pela tens\u00e3o criada em dois momentos consecutivos por Samu, com o avan\u00e7ado espanhol na imin\u00eancia de elevar a fasquia (24&#8242;), e Pep\u00ea (26&#8242;).<\/p>\n<p>Samu chama De Jong<\/p>\n<p>Samu n\u00e3o marcou e tamb\u00e9m n\u00e3o voltaria a ter mais oportunidades, tendo sido afastado do jogo por les\u00e3o muscular. Momento que proporcionou mais minutos ao <a href=\"https:\/\/www.publico.pt\/2025\/08\/03\/desporto\/noticia\/fc-porto-apresentase-surpresa-boas-noticias-2142789\" rel=\"nofollow noopener\" target=\"_blank\">neerland\u00eas Luuk de Jong<\/a>, depois dos sete finais no jogo da primeira ronda.<\/p>\n<p>O jogo entrava no \u00faltimo quarto de hora da primeira parte, per\u00edodo em que o FC Porto experimentou dificuldades inesperadas, sobretudo em dois lances em que a bola amea\u00e7ou as redes de Diogo Costa.<\/p>\n<p>Na mais iminente, valeu Froholdt a &#8220;varrer&#8221; junto \u00e0 linha de golo. Os nervos e o descontrolo emocional de Diogo Costa, a queixar-se de carga de Buatu no momento mais cr\u00edtico dos portistas, reavivavam o sentimento de impot\u00eancia dos &#8220;drag\u00f5es&#8221; nas duas \u00faltimas desloca\u00e7\u00f5es a Barcelos, onde na \u00e9poca passada sofreram uma derrota que levaria ao despedimento do treinador V\u00edtor Bruno.<\/p>\n<p>Ali\u00e1s, o remate de Pep\u00ea (26&#8242;) foi o \u00faltimo do FC Porto antes do intervalo, tendo os gilistas realizado cinco dos seis remates da equipa na primeira parte.<\/p>\n<p>Pep\u00ea r\u00e1pido<\/p>\n<p>Mais um dado a justificar a interven\u00e7\u00e3o de Farioli no sentido de recolocar a equipa nos carris. Dito e feito! O FC Porto marcou logo no recome\u00e7o, com Pep\u00ea (47&#8242;) a vincar o in\u00edcio de campanha positivo.<\/p>\n<p>O brasileiro surgiu a emendar um cruzamento atrasado de Zaidu, obrigando C\u00e9sar Peixoto a recorrer mais cedo ao banco para intervir no lado esquerdo, precisamente onde reinavam Froholdt e Pep\u00ea, os autores dos golos.<\/p>\n<p>O FC Porto conseguia uma vantagem importante para tranquilizar a equipa e restaurar a autoridade com que iniciou a noite. A partir da\u00ed, o Gil Vicente acusou a exig\u00eancia e sentiu enormes problemas para travar um FC Porto que preenchia o campo e surgia em sucessivas vagas na zona de finaliza\u00e7\u00e3o.<\/p>\n<p>        &#13;<\/p>\n<blockquote class=\"twitter-tweet\" data-media-max-width=\"560\">\n<p lang=\"pt\" dir=\"ltr\">Pep\u00ea fez o segundo dos drag\u00f5es ??<a href=\"https:\/\/twitter.com\/hashtag\/sporttvportugal?src=hash&amp;ref_src=twsrc%5Etfw\" rel=\"nofollow noopener\" target=\"_blank\">#sporttvportugal<\/a> <a href=\"https:\/\/twitter.com\/hashtag\/LIGAnaSPORTTV?src=hash&amp;ref_src=twsrc%5Etfw\" rel=\"nofollow noopener\" target=\"_blank\">#LIGAnaSPORTTV<\/a> <a href=\"https:\/\/twitter.com\/hashtag\/LigaPortugalBetclic?src=hash&amp;ref_src=twsrc%5Etfw\" rel=\"nofollow noopener\" target=\"_blank\">#LigaPortugalBetclic<\/a> <a href=\"https:\/\/twitter.com\/hashtag\/gilvicente?src=hash&amp;ref_src=twsrc%5Etfw\" rel=\"nofollow noopener\" target=\"_blank\">#gilvicente<\/a> <a href=\"https:\/\/twitter.com\/hashtag\/fcporto?src=hash&amp;ref_src=twsrc%5Etfw\" rel=\"nofollow noopener\" target=\"_blank\">#fcporto<\/a> <a href=\"https:\/\/twitter.com\/hashtag\/betanolp?src=hash&amp;ref_src=twsrc%5Etfw\" rel=\"nofollow noopener\" target=\"_blank\">#betanolp<\/a> <a href=\"https:\/\/t.co\/9Sx8c3h4aR\" rel=\"nofollow\">pic.twitter.com\/9Sx8c3h4aR<\/a><\/p>\n<p>\u2014 sport tv (@sporttvportugal) <a href=\"https:\/\/twitter.com\/sporttvportugal\/status\/1957547353117782194?ref_src=twsrc%5Etfw\" rel=\"nofollow noopener\" target=\"_blank\">August 18, 2025<\/a><\/p><\/blockquote>\n<p> &#13;<\/p>\n<p>Faltou, contudo, uma maior efic\u00e1cia aos comandados de Farioli, com, entre outros, Luuk de Jong a desperdi\u00e7ar uma boa ocasi\u00e3o para marcar o seu territ\u00f3rio.<\/p>\n<p>Mora a agitar<\/p>\n<p>Com o jogo a caminhar para um final previs\u00edvel, Farioli lan\u00e7ou Rodrigo Mora. Um trunfo relevante para travar uma \u00faltima tentativa local de reduzir a diferen\u00e7a para ainda poder relan\u00e7ar o jogo.<\/p>\n<p>Mora correspondeu, ficou muito perto de marcar nos descontos, ajudando o FC Porto a controlar os \u00edmpetos gilistas e a garantir o segundo triunfo na Liga e um lugar entre os intoc\u00e1veis.<\/p>\n<p>            <script async src=\"https:\/\/platform.twitter.com\/widgets.js\" charset=\"utf-8\"><\/script><\/p>\n","protected":false},"excerpt":{"rendered":"Tr\u00eas anos depois, o FC Porto voltou a vencer em Barcelos, superando, por 0-2, um Gil Vicente que&hellip;\n","protected":false},"author":2,"featured_media":35082,"comment_status":"","ping_status":"","sticky":false,"template":"","format":"standard","meta":{"footnotes":""},"categories":[87],"tags":[135,282,280,11009,281,32,33,10804,134],"class_list":{"0":"post-35081","1":"post","2":"type-post","3":"status-publish","4":"format-standard","5":"has-post-thumbnail","7":"category-desporto","8":"tag-desporto","9":"tag-fc-porto","10":"tag-futebol-nacional","11":"tag-gil-vicente-fc","12":"tag-i-liga","13":"tag-portugal","14":"tag-pt","15":"tag-resultados-jogos","16":"tag-sports"},"share_on_mastodon":{"url":"","error":""},"_links":{"self":[{"href":"https:\/\/www.europesays.com\/pt\/wp-json\/wp\/v2\/posts\/35081","targetHints":{"allow":["GET"]}}],"collection":[{"href":"https:\/\/www.europesays.com\/pt\/wp-json\/wp\/v2\/posts"}],"about":[{"href":"https:\/\/www.europesays.com\/pt\/wp-json\/wp\/v2\/types\/post"}],"author":[{"embeddable":true,"href":"https:\/\/www.europesays.com\/pt\/wp-json\/wp\/v2\/users\/2"}],"replies":[{"embeddable":true,"href":"https:\/\/www.europesays.com\/pt\/wp-json\/wp\/v2\/comments?post=35081"}],"version-history":[{"count":0,"href":"https:\/\/www.europesays.com\/pt\/wp-json\/wp\/v2\/posts\/35081\/revisions"}],"wp:featuredmedia":[{"embeddable":true,"href":"https:\/\/www.europesays.com\/pt\/wp-json\/wp\/v2\/media\/35082"}],"wp:attachment":[{"href":"https:\/\/www.europesays.com\/pt\/wp-json\/wp\/v2\/media?parent=35081"}],"wp:term":[{"taxonomy":"category","embeddable":true,"href":"https:\/\/www.europesays.com\/pt\/wp-json\/wp\/v2\/categories?post=35081"},{"taxonomy":"post_tag","embeddable":true,"href":"https:\/\/www.europesays.com\/pt\/wp-json\/wp\/v2\/tags?post=35081"}],"curies":[{"name":"wp","href":"https:\/\/api.w.org\/{rel}","templated":true}]}}