{"id":35085,"date":"2025-08-18T23:16:20","date_gmt":"2025-08-18T23:16:20","guid":{"rendered":"https:\/\/www.europesays.com\/pt\/35085\/"},"modified":"2025-08-18T23:16:20","modified_gmt":"2025-08-18T23:16:20","slug":"soma-comunica-a-chegada-de-dupla-de-diretores-de-cena","status":"publish","type":"post","link":"https:\/\/www.europesays.com\/pt\/35085\/","title":{"rendered":"Soma comunica a chegada de dupla de Diretores de Cena"},"content":{"rendered":"<p>A Soma Produtora anuncia a contrata\u00e7\u00e3o da dupla de Diretores de Cena, os Irm\u00e3os Meirelles: Marilia e F\u00e1bio. Reconhecidos por seu talento e criatividade, os profissionais possuem um curr\u00edculo repleto de trabalhos premiados com destaque internacional, como um Le\u00e3o de Cannes Lions na categoria Film pelo seu trabalho para o Burger King.\n<\/p>\n<p>Atualmente, o quadro de talentos da Soma conta com nomes como Fepa, Ivan Abujamra, Kumo, Lipp Sant\u2019Angelo, Torino, Ivy Abujamra e, agora, tamb\u00e9m com os Irm\u00e3os Meirelles. Essa diversidade de profissionais refor\u00e7a o compromisso da produtora em oferecer trabalhos de alta qualidade, com diferentes olhares e especializa\u00e7\u00f5es.\u00a0Ivy Abujamra, Produtora Executiva e S\u00f3cia da Soma, destaca que a contrata\u00e7\u00e3o traz um novo frescor ao time da Soma. \u201cAl\u00e9m do talento t\u00e9cnico, eles t\u00eam uma habilidade especial para trabalhar com atores e crian\u00e7as, o que amplia ainda mais nossa versatilidade e capacidade de atender diferentes demandas do mercado\u201d.\n<\/p>\n<p>Segundo Markinhos Fagundes, Produtor Executivo e S\u00f3cio da Soma, a versatilidade da dupla chamou a aten\u00e7\u00e3o justamente porque a produtora buscava diretores com m\u00faltiplos talentos, capazes de atender a diferentes perfis de clientes e ag\u00eancias. \u201cA publicidade sempre foi, para n\u00f3s, um territ\u00f3rio de experimenta\u00e7\u00e3o. Entrar para o time da Soma \u00e9 ter a chance de potencializar isso ao lado de pessoas que acreditam no craft e na for\u00e7a de uma boa ideia tanto quanto a gente\u201d, complementam os Irm\u00e3os Meirelles.\n<\/p>\n<p>A Soma \u00e9 uma das 22 empresas que fazem parte do Grupo Papaki, holding l\u00edder entre os grupos de produ\u00e7\u00e3o publicit\u00e1ria no Brasil, com 19 anos de atua\u00e7\u00e3o e mais de 1,2 mil filmes publicit\u00e1rios produzidos. Com essa contrata\u00e7\u00e3o, a produtora reafirma seu papel de destaque e inova\u00e7\u00e3o no cen\u00e1rio nacional e internacional entre as produtoras audiovisuais brasileiras.\n<\/p>\n<p>Leia mais not\u00edcias:\n<\/p>\n<p><a href=\"https:\/\/marcaspelomundo.com.br\/\" rel=\"nofollow noopener\" target=\"_blank\">https:\/\/marcaspelomundo.com.br\/<\/a>\n\t\t\t\t<\/p>\n","protected":false},"excerpt":{"rendered":"A Soma Produtora anuncia a contrata\u00e7\u00e3o da dupla de Diretores de Cena, os Irm\u00e3os Meirelles: Marilia e F\u00e1bio.&hellip;\n","protected":false},"author":2,"featured_media":35086,"comment_status":"","ping_status":"","sticky":false,"template":"","format":"standard","meta":{"footnotes":""},"categories":[84],"tags":[109,107,108,32,33,105,103,104,11010,106,110],"class_list":{"0":"post-35085","1":"post","2":"type-post","3":"status-publish","4":"format-standard","5":"has-post-thumbnail","7":"category-ciencia-e-tecnologia","8":"tag-ciencia","9":"tag-ciencia-e-tecnologia","10":"tag-cienciaetecnologia","11":"tag-portugal","12":"tag-pt","13":"tag-science","14":"tag-science-and-technology","15":"tag-scienceandtechnology","16":"tag-soma","17":"tag-technology","18":"tag-tecnologia"},"share_on_mastodon":{"url":"","error":""},"_links":{"self":[{"href":"https:\/\/www.europesays.com\/pt\/wp-json\/wp\/v2\/posts\/35085","targetHints":{"allow":["GET"]}}],"collection":[{"href":"https:\/\/www.europesays.com\/pt\/wp-json\/wp\/v2\/posts"}],"about":[{"href":"https:\/\/www.europesays.com\/pt\/wp-json\/wp\/v2\/types\/post"}],"author":[{"embeddable":true,"href":"https:\/\/www.europesays.com\/pt\/wp-json\/wp\/v2\/users\/2"}],"replies":[{"embeddable":true,"href":"https:\/\/www.europesays.com\/pt\/wp-json\/wp\/v2\/comments?post=35085"}],"version-history":[{"count":0,"href":"https:\/\/www.europesays.com\/pt\/wp-json\/wp\/v2\/posts\/35085\/revisions"}],"wp:featuredmedia":[{"embeddable":true,"href":"https:\/\/www.europesays.com\/pt\/wp-json\/wp\/v2\/media\/35086"}],"wp:attachment":[{"href":"https:\/\/www.europesays.com\/pt\/wp-json\/wp\/v2\/media?parent=35085"}],"wp:term":[{"taxonomy":"category","embeddable":true,"href":"https:\/\/www.europesays.com\/pt\/wp-json\/wp\/v2\/categories?post=35085"},{"taxonomy":"post_tag","embeddable":true,"href":"https:\/\/www.europesays.com\/pt\/wp-json\/wp\/v2\/tags?post=35085"}],"curies":[{"name":"wp","href":"https:\/\/api.w.org\/{rel}","templated":true}]}}