{"id":35087,"date":"2025-08-18T23:18:07","date_gmt":"2025-08-18T23:18:07","guid":{"rendered":"https:\/\/www.europesays.com\/pt\/35087\/"},"modified":"2025-08-18T23:18:07","modified_gmt":"2025-08-18T23:18:07","slug":"e-o-melhor-que-ja-tive-zelensky-de-fato-brinca-com-tema-que-causou-polemica-na-casa-branca","status":"publish","type":"post","link":"https:\/\/www.europesays.com\/pt\/35087\/","title":{"rendered":"&#8220;\u00c9 o melhor que j\u00e1 tive&#8221;. Zelensky de fato brinca com tema que causou pol\u00e9mica na Casa Branca"},"content":{"rendered":"<p>A pol\u00e9mica deu o mote para Trump e o vice-presidente J.D. Vance <a href=\"https:\/\/www.jn.pt\/mundo\/artigo\/espirito-inquebravel-apos-polemica-na-sala-oval-encomendas-de-fato-usado-por-zelensky-disparam\/17848632\" target=\"_blank\" rel=\"nofollow noopener\">come\u00e7arem a repreender Zelensky por n\u00e3o estar &#8220;grato&#8221; pelo apoio dos EUA contra a invas\u00e3o da R\u00fassia<\/a>.<\/p>\n<p data-remotead-prev-elm=\"true\" data-remotead-elm-id=\"inread\">Desta vez, foi bem diferente. &#8220;Nem acredito, adorei!&#8221; disse Trump, de 79 anos, enquanto admirava o casaco preto e a camisa preta de colarinho de Zelensky \u00e0 chegada do l\u00edder ucraniano \u00e0 Casa Branca. &#8220;\u00c9 o melhor que j\u00e1 tive&#8221;, brincou Zelensky, antigo comediante de televis\u00e3o antes de se tornar presidente.<\/p>\n<p>A aprecia\u00e7\u00e3o despreocupada pela roupa do homem de 47 anos continuou no interior da Sala Oval. &#8220;Presidente Zelensky, est\u00e1 fabuloso nesse fato!&#8221;, disse Brian Glenn, o jornalista do &#8220;Real America&#8217;s Voice&#8221; que tinha feito a pergunta original em fevereiro.<\/p>\n<p data-remotead-prev-elm=\"true\" data-remotead-elm-id=\"centro1\">Trump juntou-se \u00e0 conversa, dizendo &#8220;Eu disse a mesma coisa&#8221;. &#8220;Foi esse que o atacou da \u00faltima vez&#8221;, acrescentou, dirigindo-se a Zelensky. &#8220;Lembro-me&#8221;, brincou o ucraniano, antes de dizer ao jornalista: &#8220;Est\u00e1 a usar o mesmo fato&#8221; de h\u00e1 seis meses.<\/p>\n<p data-remotead-prev-elm=\"true\" data-remotead-elm-id=\"centro2\">Zelensky teve de se esfor\u00e7ar para conquistar Trump, que h\u00e1 muito se mostra c\u00e9tico em rela\u00e7\u00e3o ao apoio dos EUA \u00e0 Ucr\u00e2nia e ao custo multibilion\u00e1rio da guerra. Trump tamb\u00e9m expressou abertamente admira\u00e7\u00e3o pelo presidente russo, Vladimir Putin, principalmente durante os seus extraordin\u00e1rios cumprimentos cordiais durante a cimeira no Alasca, na semana passada. O l\u00edder norte-americano repetiu ainda v\u00e1rios pontos de Putin sobre a guerra, incluindo, nos \u00faltimos dias, a necessidade de a Ucr\u00e2nia abdicar da Crimeia e das suas ambi\u00e7\u00f5es de aderir \u00e0 NATO.<\/p>\n<p>Da\u00ed a ofensiva diplom\u00e1tica multifacetada na Casa Branca na segunda-feira, com a visita de um grupo de l\u00edderes europeus, que prestaram homenagem ao que disseram ser os esfor\u00e7os de Trump para chegar a um acordo de paz. A visita foi tamb\u00e9m concebida como uma demonstra\u00e7\u00e3o de apoio a Kiev contra qualquer pedido de concess\u00f5es excessivas.<\/p>\n<p data-remotead-prev-elm=\"true\" data-remotead-elm-id=\"centro3\">O ucraniano ter\u00e1 recebido forma\u00e7\u00e3o sobre como lidar com Trump por parte de l\u00edderes europeus, especialmente o presidente finland\u00eas Alexander Stubb, que usava um fato e recebeu elogios do presidente norte-americano pelo seu vigor juvenil.<\/p>\n","protected":false},"excerpt":{"rendered":"A pol\u00e9mica deu o mote para Trump e o vice-presidente J.D. Vance come\u00e7arem a repreender Zelensky por n\u00e3o&hellip;\n","protected":false},"author":2,"featured_media":35088,"comment_status":"","ping_status":"","sticky":false,"template":"","format":"standard","meta":{"footnotes":""},"categories":[50],"tags":[27,28,15,16,14,25,26,21,22,62,12,13,19,20,23,24,17,18,29,30,31,63,64,65],"class_list":{"0":"post-35087","1":"post","2":"type-post","3":"status-publish","4":"format-standard","5":"has-post-thumbnail","7":"category-mundo","8":"tag-breaking-news","9":"tag-breakingnews","10":"tag-featured-news","11":"tag-featurednews","12":"tag-headlines","13":"tag-latest-news","14":"tag-latestnews","15":"tag-main-news","16":"tag-mainnews","17":"tag-mundo","18":"tag-news","19":"tag-noticias","20":"tag-noticias-principais","21":"tag-noticiasprincipais","22":"tag-principais-noticias","23":"tag-principaisnoticias","24":"tag-top-stories","25":"tag-topstories","26":"tag-ultimas","27":"tag-ultimas-noticias","28":"tag-ultimasnoticias","29":"tag-world","30":"tag-world-news","31":"tag-worldnews"},"share_on_mastodon":{"url":"","error":""},"_links":{"self":[{"href":"https:\/\/www.europesays.com\/pt\/wp-json\/wp\/v2\/posts\/35087","targetHints":{"allow":["GET"]}}],"collection":[{"href":"https:\/\/www.europesays.com\/pt\/wp-json\/wp\/v2\/posts"}],"about":[{"href":"https:\/\/www.europesays.com\/pt\/wp-json\/wp\/v2\/types\/post"}],"author":[{"embeddable":true,"href":"https:\/\/www.europesays.com\/pt\/wp-json\/wp\/v2\/users\/2"}],"replies":[{"embeddable":true,"href":"https:\/\/www.europesays.com\/pt\/wp-json\/wp\/v2\/comments?post=35087"}],"version-history":[{"count":0,"href":"https:\/\/www.europesays.com\/pt\/wp-json\/wp\/v2\/posts\/35087\/revisions"}],"wp:featuredmedia":[{"embeddable":true,"href":"https:\/\/www.europesays.com\/pt\/wp-json\/wp\/v2\/media\/35088"}],"wp:attachment":[{"href":"https:\/\/www.europesays.com\/pt\/wp-json\/wp\/v2\/media?parent=35087"}],"wp:term":[{"taxonomy":"category","embeddable":true,"href":"https:\/\/www.europesays.com\/pt\/wp-json\/wp\/v2\/categories?post=35087"},{"taxonomy":"post_tag","embeddable":true,"href":"https:\/\/www.europesays.com\/pt\/wp-json\/wp\/v2\/tags?post=35087"}],"curies":[{"name":"wp","href":"https:\/\/api.w.org\/{rel}","templated":true}]}}