{"id":351153,"date":"2026-04-21T00:13:16","date_gmt":"2026-04-21T00:13:16","guid":{"rendered":"https:\/\/www.europesays.com\/pt\/351153\/"},"modified":"2026-04-21T00:13:16","modified_gmt":"2026-04-21T00:13:16","slug":"mancha-que-detectada-em-marte-ha-50-anos-esta-crescendo","status":"publish","type":"post","link":"https:\/\/www.europesays.com\/pt\/351153\/","title":{"rendered":"Mancha que detectada em Marte h\u00e1 50 anos est\u00e1 crescendo"},"content":{"rendered":"<p>A mancha escura de Marte, que fica escondida dentro de uma cratera descoberta h\u00e1 50 anos, est\u00e1 se espalhando pela superf\u00edcie do planeta e intriga cientistas.<\/p>\n<p>Essa observa\u00e7\u00e3o foi revelada atrav\u00e9s de <a href=\"https:\/\/www.esa.int\/ESA_Multimedia\/Images\/2026\/04\/Mars_Express_captures_dark_ash_covering_Mars_s_Utopia_Planitia\" rel=\"nofollow noopener\" target=\"_blank\">novas fotos<\/a> capturadas, mas os pesquisadores ainda n\u00e3o conseguem explicar o motivo exato de seu crescimento.<\/p>\n<p>A mancha escura \u00e9 uma \u00e1rea de solo coberta por cinzas e rochas vulc\u00e2nicas de erup\u00e7\u00f5es que ocorreram h\u00e1 milh\u00f5es de anos. Ela est\u00e1 em uma plan\u00edcie com cerca de 3.300 quil\u00f4metros de largura no hemisf\u00e9rio norte, tamb\u00e9m conhecida como Utopia Planitia.<\/p>\n<p>Em 1976, ap\u00f3s chegarem em Marte, as sondas Viking da Nasa registraram pela primeira vez o solo com a sombra. Ap\u00f3s isso, novas imagens da sonda Mars Express da Ag\u00eancia Espacial Europeia (ESA), capturadas em 2024 e divulgadas em 15 de abril, mostraram que a forma\u00e7\u00e3o est\u00e1 se expandindo, explicou a Live Science.<\/p>\n<p>Apesar de n\u00e3o ter um tamanho exato, com base nas fotos \u00e9 poss\u00edvel notar que se\u00e7\u00f5es da fronteira sul da mancha avan\u00e7aram pelo menos mais 320 km para o sul. Essa an\u00e1lise sugere que a sombra est\u00e1 crescendo cerca de 6,5 km por ano.<\/p>\n<p>Pesquisadores acreditam que isso pode estar relacionado aos ventos de Marte, que s\u00e3o capazes de varrer a superf\u00edcie e levantar cinzas e poeira.<\/p>\n<p>Em <a href=\"https:\/\/www.esa.int\/Science_Exploration\/Space_Science\/Mars_Express\/Ash_creeps_across_Mars\" rel=\"nofollow noopener\" target=\"_blank\">comunicado<\/a>, os representantes da ESA explicaram que a dispers\u00e3o das cinzas tem duas explica\u00e7\u00f5es poss\u00edveis: ou elas foram levantadas e transportadas pelos ventos marcianos, ou a poeira ocre que antes cobria as cinzas escuras foi levada pelo vento.<\/p>\n<p> <strong>Utopia Planitia<\/strong> <\/p>\n<p>Em 1976, a sonda viking 2 pousou em Utopia Planitia para realizar experimentos biol\u00f3gicos at\u00e9 sua destrui\u00e7\u00e3o em 1980. J\u00e1 em 2021, o rover chin\u00eas <strong>Zhurong<\/strong> tamb\u00e9m pousou e explorou a plan\u00edcie antes de se desligar em 2023.<\/p>\n<p>Ap\u00f3s isso, cientistas chineses continuaram usando os dados de <strong>Zhurong<\/strong> para provar que anteriormente o local era coberto por um dos maiores oceanos de <a href=\"https:\/\/aventurasnahistoria.com.br\/tags\/marte\" rel=\"nofollow noopener\" target=\"_blank\">Marte<\/a> e mapearam uma poss\u00edvel ilha costeira.<\/p>\n<p>De acordo com a ESA, Utopia Planitia possui diversas grabens, conhecidas como fendas no solo, uma das caracter\u00edsticas mais incomuns do planeta vermelho. Al\u00e9m disso, essas fendas podem ajudar a fornecer pistas sobre atividades tect\u00f4nicas que possam ter abalado Marte anteriormente.<\/p>\n<p>Os pesquisadores tamb\u00e9m acreditam que exista gelo enterrado na regi\u00e3o, o que acaba dificultando a busca por vida extraterrestre.<\/p>\n","protected":false},"excerpt":{"rendered":"A mancha escura de Marte, que fica escondida dentro de uma cratera descoberta h\u00e1 50 anos, est\u00e1 se&hellip;\n","protected":false},"author":2,"featured_media":351154,"comment_status":"","ping_status":"","sticky":false,"template":"","format":"standard","meta":{"footnotes":"","_share_on_mastodon":"0"},"categories":[84],"tags":[109,107,108,1008,1347,2559,32,33,105,103,104,24361,106,110,60089],"class_list":["post-351153","post","type-post","status-publish","format-standard","has-post-thumbnail","category-ciencia-e-tecnologia","tag-ciencia","tag-ciencia-e-tecnologia","tag-cienciaetecnologia","tag-espaco","tag-estudo","tag-marte","tag-portugal","tag-pt","tag-science","tag-science-and-technology","tag-scienceandtechnology","tag-sombra","tag-technology","tag-tecnologia","tag-utopia-planitia"],"share_on_mastodon":{"url":"https:\/\/pubeurope.com\/@pt\/116439810502225181","error":""},"_links":{"self":[{"href":"https:\/\/www.europesays.com\/pt\/wp-json\/wp\/v2\/posts\/351153","targetHints":{"allow":["GET"]}}],"collection":[{"href":"https:\/\/www.europesays.com\/pt\/wp-json\/wp\/v2\/posts"}],"about":[{"href":"https:\/\/www.europesays.com\/pt\/wp-json\/wp\/v2\/types\/post"}],"author":[{"embeddable":true,"href":"https:\/\/www.europesays.com\/pt\/wp-json\/wp\/v2\/users\/2"}],"replies":[{"embeddable":true,"href":"https:\/\/www.europesays.com\/pt\/wp-json\/wp\/v2\/comments?post=351153"}],"version-history":[{"count":0,"href":"https:\/\/www.europesays.com\/pt\/wp-json\/wp\/v2\/posts\/351153\/revisions"}],"wp:featuredmedia":[{"embeddable":true,"href":"https:\/\/www.europesays.com\/pt\/wp-json\/wp\/v2\/media\/351154"}],"wp:attachment":[{"href":"https:\/\/www.europesays.com\/pt\/wp-json\/wp\/v2\/media?parent=351153"}],"wp:term":[{"taxonomy":"category","embeddable":true,"href":"https:\/\/www.europesays.com\/pt\/wp-json\/wp\/v2\/categories?post=351153"},{"taxonomy":"post_tag","embeddable":true,"href":"https:\/\/www.europesays.com\/pt\/wp-json\/wp\/v2\/tags?post=351153"}],"curies":[{"name":"wp","href":"https:\/\/api.w.org\/{rel}","templated":true}]}}