{"id":351628,"date":"2026-04-21T11:50:24","date_gmt":"2026-04-21T11:50:24","guid":{"rendered":"https:\/\/www.europesays.com\/pt\/351628\/"},"modified":"2026-04-21T11:50:24","modified_gmt":"2026-04-21T11:50:24","slug":"oficial-marco-rose-e-o-sucessor-de-andoni-iraola-no-bournemouth","status":"publish","type":"post","link":"https:\/\/www.europesays.com\/pt\/351628\/","title":{"rendered":"OFICIAL: Marco Rose \u00e9 o sucessor de Andoni Iraola no Bournemouth"},"content":{"rendered":"<p>O Bournemouth j\u00e1 pensa na pr\u00f3xima temporada ap\u00f3s o an\u00fancio da sa\u00edda de Andoni Iraola. O clube ingl\u00eas anunciou a chegada do treinador Marco Rose j\u00e1 a partir de 2026\/27, num contrato de tr\u00eas anos.<\/p>\n<p>O t\u00e9cnico alem\u00e3o de 49 anos deixa assim o Leipzig, onde atuou durante os \u00faltimos tr\u00eas anos, e aventura-se pela primeira vez em Inglaterra.<\/p>\n<p>Antes disso, foi treinador do Salzburgo, Borussia Monchengladbach e Borussia Dortmund. Sucede a Iraola, que tem feito uma \u00e9poca fora do comum com os &#8216;cherries&#8217;, alcan\u00e7ando uma s\u00e9rie de 13 jogos sem perder. Est\u00e3o em oitavo lugar, em igualdade pontual com o sexto (Chelsea).<\/p>\n<blockquote class=\"twitter-tweet\">\n<p lang=\"en\">AFC Bournemouth is delighted to confirm the appointment of Marco Rose as the club\u2019s new head coach on a three-year contract, which will begin following the conclusion of the 2025\/26 season.<\/p>\n<p> \u2014 AFC Bournemouth \ud83c\udf52 (@afcbournemouth)<br \/>\n  <a href=\"https:\/\/twitter.com\/afcbournemouth\/status\/2046257583540097218?ref_src=twsrc%5Etfw\" rel=\"nofollow noopener\" target=\"_blank\">April 20, 2026<\/a>\n <\/p><\/blockquote>\n<p>                                <script async src=\"https:\/\/platform.twitter.com\/widgets.js\" charset=\"utf-8\"><\/script><\/p>\n","protected":false},"excerpt":{"rendered":"O Bournemouth j\u00e1 pensa na pr\u00f3xima temporada ap\u00f3s o an\u00fancio da sa\u00edda de Andoni Iraola. O clube ingl\u00eas&hellip;\n","protected":false},"author":2,"featured_media":351629,"comment_status":"","ping_status":"","sticky":false,"template":"","format":"standard","meta":{"footnotes":"","_share_on_mastodon":"0"},"categories":[87],"tags":[60135,5412,135,665,7165,46,16422,42,729,32,33,47,134,35],"class_list":["post-351628","post","type-post","status-publish","format-standard","has-post-thumbnail","category-desporto","tag-andoni-iraola","tag-bournemouth","tag-desporto","tag-inglaterra","tag-leipzig","tag-maisfutebol","tag-marco-rose","tag-mercado","tag-oficial","tag-portugal","tag-pt","tag-pura-paixao","tag-sports","tag-transferencias"],"share_on_mastodon":{"url":"https:\/\/pubeurope.com\/@pt\/116442551320497007","error":""},"_links":{"self":[{"href":"https:\/\/www.europesays.com\/pt\/wp-json\/wp\/v2\/posts\/351628","targetHints":{"allow":["GET"]}}],"collection":[{"href":"https:\/\/www.europesays.com\/pt\/wp-json\/wp\/v2\/posts"}],"about":[{"href":"https:\/\/www.europesays.com\/pt\/wp-json\/wp\/v2\/types\/post"}],"author":[{"embeddable":true,"href":"https:\/\/www.europesays.com\/pt\/wp-json\/wp\/v2\/users\/2"}],"replies":[{"embeddable":true,"href":"https:\/\/www.europesays.com\/pt\/wp-json\/wp\/v2\/comments?post=351628"}],"version-history":[{"count":0,"href":"https:\/\/www.europesays.com\/pt\/wp-json\/wp\/v2\/posts\/351628\/revisions"}],"wp:featuredmedia":[{"embeddable":true,"href":"https:\/\/www.europesays.com\/pt\/wp-json\/wp\/v2\/media\/351629"}],"wp:attachment":[{"href":"https:\/\/www.europesays.com\/pt\/wp-json\/wp\/v2\/media?parent=351628"}],"wp:term":[{"taxonomy":"category","embeddable":true,"href":"https:\/\/www.europesays.com\/pt\/wp-json\/wp\/v2\/categories?post=351628"},{"taxonomy":"post_tag","embeddable":true,"href":"https:\/\/www.europesays.com\/pt\/wp-json\/wp\/v2\/tags?post=351628"}],"curies":[{"name":"wp","href":"https:\/\/api.w.org\/{rel}","templated":true}]}}