{"id":351700,"date":"2026-04-21T13:12:17","date_gmt":"2026-04-21T13:12:17","guid":{"rendered":"https:\/\/www.europesays.com\/pt\/351700\/"},"modified":"2026-04-21T13:12:17","modified_gmt":"2026-04-21T13:12:17","slug":"sofia-sousa-apresenta-namorado-e-teresa-silva-ja-reagiu","status":"publish","type":"post","link":"https:\/\/www.europesays.com\/pt\/351700\/","title":{"rendered":"Sofia Sousa apresenta namorado&#8230; e Teresa Silva j\u00e1 reagiu!"},"content":{"rendered":"<p>Nas \u00faltimas horas, <a href=\"https:\/\/selfie.iol.pt\/famosos\/casa-dos-segredos\/pela-primeira-vez-sofia-sousa-mostra-o-namorado-com-a-filha\/20260421\/69e72af9d34edcee7c634464\" target=\"_blank\" rel=\"nofollow noopener\">Sofia Sousa<\/a> tem partilhado, no Instagram, muitas declara\u00e7\u00f5es de amor endere\u00e7adas ao namorado: inclusivamente, a ex-concorrente de &#8220;<a href=\"https:\/\/tvi.iol.pt\/secretstory\/\" target=\"_blank\" rel=\"nofollow noopener\">Secret Story &#8211; Casa dos Segredos<\/a>&#8221; publicou uma fotografia do rosto da alma g\u00e9mea.<\/p>\n<p>Essas partilhas t\u00eam acumulado muitos &#8220;gostos&#8221;. Destaca-se, por exemplo, o de <a href=\"https:\/\/selfie.iol.pt\/famosos\/teresa-silva\/teresa-silva-deixa-todos-de-boca-aberta-com-talento-escondido-estou-no-caminho\/20260331\/69cc1ec7d34edcee7c628858\" target=\"_blank\" rel=\"nofollow noopener\">Teresa Silva<\/a>, m\u00e3e de <a href=\"https:\/\/selfie.iol.pt\/famosos\/yasmin-dafne\/esta-tao-crescida-em-imagens-ineditas-filha-de-sofia-sousa-e-tierry-vilson-celebra-aniversario\/20260406\/69d402efd34e28842c82981d\" target=\"_blank\" rel=\"nofollow noopener\">Tierry Vilson<\/a>, com quem Sofia Sousa j\u00e1 teve um relacionamento e de quem tem uma filha: <a href=\"https:\/\/selfie.iol.pt\/famosos\/casa-dos-segredos\/aos-12-anos-filha-de-sofia-sousa-e-tierry-vilson-submete-se-a-procedimento-estetico\/20260104\/695a6acfd34e2bd5c6d5cbdd\" target=\"_blank\" rel=\"nofollow noopener\">Yasmin Dafne<\/a>, de 13 anos.<\/p>\n<p>Recorde-se que <a href=\"https:\/\/selfie.iol.pt\/famosos\/casa-dos-segredos\/sofia-sousa-expoe-namorado-e-bernardina-brito-tem-algo-a-dizer\/20260420\/69e609bcd34edcee7c633b91\" target=\"_blank\" rel=\"nofollow noopener\">Bernardina Brito<\/a> tamb\u00e9m j\u00e1 reagiu ao namoro de Sofia Sousa.<\/p>\n<p>Veja, agora, como \u00e9 o namorado de Sofia Sousa na galeria de fotografias que prepar\u00e1mos para si.<\/p>\n","protected":false},"excerpt":{"rendered":"Nas \u00faltimas horas, Sofia Sousa tem partilhado, no Instagram, muitas declara\u00e7\u00f5es de amor endere\u00e7adas ao namorado: inclusivamente, a&hellip;\n","protected":false},"author":2,"featured_media":351701,"comment_status":"","ping_status":"","sticky":false,"template":"","format":"standard","meta":{"footnotes":"","_share_on_mastodon":"0"},"categories":[142],"tags":[2632,114,115,980,1015,619,32,33,1014,1016,1315,1012,20860,18748,151,162],"class_list":["post-351700","post","type-post","status-publish","format-standard","has-post-thumbnail","category-tv","tag-casa-dos-segredos","tag-entertainment","tag-entretenimento","tag-famosos","tag-instagram","tag-nacional","tag-portugal","tag-pt","tag-reality-show","tag-romance","tag-secret-story","tag-selfie","tag-sofia-sousa","tag-teresa-silva","tag-tv","tag-tvi"],"share_on_mastodon":{"url":"https:\/\/pubeurope.com\/@pt\/116442873586097797","error":""},"_links":{"self":[{"href":"https:\/\/www.europesays.com\/pt\/wp-json\/wp\/v2\/posts\/351700","targetHints":{"allow":["GET"]}}],"collection":[{"href":"https:\/\/www.europesays.com\/pt\/wp-json\/wp\/v2\/posts"}],"about":[{"href":"https:\/\/www.europesays.com\/pt\/wp-json\/wp\/v2\/types\/post"}],"author":[{"embeddable":true,"href":"https:\/\/www.europesays.com\/pt\/wp-json\/wp\/v2\/users\/2"}],"replies":[{"embeddable":true,"href":"https:\/\/www.europesays.com\/pt\/wp-json\/wp\/v2\/comments?post=351700"}],"version-history":[{"count":0,"href":"https:\/\/www.europesays.com\/pt\/wp-json\/wp\/v2\/posts\/351700\/revisions"}],"wp:featuredmedia":[{"embeddable":true,"href":"https:\/\/www.europesays.com\/pt\/wp-json\/wp\/v2\/media\/351701"}],"wp:attachment":[{"href":"https:\/\/www.europesays.com\/pt\/wp-json\/wp\/v2\/media?parent=351700"}],"wp:term":[{"taxonomy":"category","embeddable":true,"href":"https:\/\/www.europesays.com\/pt\/wp-json\/wp\/v2\/categories?post=351700"},{"taxonomy":"post_tag","embeddable":true,"href":"https:\/\/www.europesays.com\/pt\/wp-json\/wp\/v2\/tags?post=351700"}],"curies":[{"name":"wp","href":"https:\/\/api.w.org\/{rel}","templated":true}]}}