{"id":351805,"date":"2026-04-21T14:41:15","date_gmt":"2026-04-21T14:41:15","guid":{"rendered":"https:\/\/www.europesays.com\/pt\/351805\/"},"modified":"2026-04-21T14:41:15","modified_gmt":"2026-04-21T14:41:15","slug":"coiote-vs-acme-ganha-teaser-com-john-cena-e-confirma-data-para-primeiro-trailer","status":"publish","type":"post","link":"https:\/\/www.europesays.com\/pt\/351805\/","title":{"rendered":"Coiote vs. Acme ganha teaser com John Cena e confirma data para primeiro trailer"},"content":{"rendered":"<p>A espera pelo trailer de <a href=\"https:\/\/ovicio.com.br\/tag\/coiote-vs-acme\" target=\"_blank\" rel=\"noreferrer noopener nofollow\">Coiote vs. Acme<\/a> est\u00e1 finalmente chegando ao fim, e hoje (21), filme ganha teaser com cenas divertidas, confirmando tamb\u00e9m a data para o lan\u00e7amento de seu vislumbre completo.<\/p>\n<p>Com Willy Coiote em apuros e participa\u00e7\u00e3o do ator <strong>Will Forte<\/strong>, a pr\u00e9via do longa-metragem confirma que seu trailer de estreia ser\u00e1 lan\u00e7ado nesta quarta-feira, 22 de abril. Confira abaixo:<\/p>\n<p>O filme conta com um elenco estelar, incluindo <a href=\"https:\/\/ovicio.com.br\/tag\/john-cena\" target=\"_blank\" rel=\"noreferrer noopener nofollow\">John Cena<\/a>\u00a0(Pacificador) e\u00a0<strong>Lana Condor<\/strong>\u00a0(Para Todos os Garotos que J\u00e1 Amei), al\u00e9m de <strong>Forte<\/strong> como o protagonista.<\/p>\n<p>Na trama, Willy enfrentar\u00e1 a Corpora\u00e7\u00e3o Acme diretamente dos tribunais, ap\u00f3s alegar produtos defeituosos da empresa. Ser\u00e1 uma mistura de live-action com anima\u00e7\u00e3o.<\/p>\n<p>Adquirido pela <strong>Ketchup Entertainment<\/strong>, o lan\u00e7amento nos cinemas segue marcado para <strong>28 de agosto deste ano<\/strong>. <a href=\"https:\/\/ovicio.com.br\/tag\/james-gunn\" target=\"_blank\" rel=\"noreferrer noopener nofollow\">James Gunn<\/a>, l\u00edder da <strong>DC Studios,<\/strong> colaborou no roteiro.<\/p>\n<p>Leia mais sobre Coiote vs. Acme:<\/p>\n<p><strong>Fonte:<\/strong> X\/Twitter.<\/p>\n","protected":false},"excerpt":{"rendered":"A espera pelo trailer de Coiote vs. Acme est\u00e1 finalmente chegando ao fim, e hoje (21), filme ganha&hellip;\n","protected":false},"author":2,"featured_media":351806,"comment_status":"","ping_status":"","sticky":false,"template":"","format":"standard","meta":{"footnotes":"","_share_on_mastodon":"0"},"categories":[140],"tags":[59196,114,115,147,148,7320,12977,146,32,33,60139],"class_list":["post-351805","post","type-post","status-publish","format-standard","has-post-thumbnail","category-filmes","tag-coiote-vs-acme","tag-entertainment","tag-entretenimento","tag-film","tag-filmes","tag-james-gunn","tag-john-cena","tag-movies","tag-portugal","tag-pt","tag-will-forte"],"share_on_mastodon":{"url":"https:\/\/pubeurope.com\/@pt\/116443223528967468","error":""},"_links":{"self":[{"href":"https:\/\/www.europesays.com\/pt\/wp-json\/wp\/v2\/posts\/351805","targetHints":{"allow":["GET"]}}],"collection":[{"href":"https:\/\/www.europesays.com\/pt\/wp-json\/wp\/v2\/posts"}],"about":[{"href":"https:\/\/www.europesays.com\/pt\/wp-json\/wp\/v2\/types\/post"}],"author":[{"embeddable":true,"href":"https:\/\/www.europesays.com\/pt\/wp-json\/wp\/v2\/users\/2"}],"replies":[{"embeddable":true,"href":"https:\/\/www.europesays.com\/pt\/wp-json\/wp\/v2\/comments?post=351805"}],"version-history":[{"count":0,"href":"https:\/\/www.europesays.com\/pt\/wp-json\/wp\/v2\/posts\/351805\/revisions"}],"wp:featuredmedia":[{"embeddable":true,"href":"https:\/\/www.europesays.com\/pt\/wp-json\/wp\/v2\/media\/351806"}],"wp:attachment":[{"href":"https:\/\/www.europesays.com\/pt\/wp-json\/wp\/v2\/media?parent=351805"}],"wp:term":[{"taxonomy":"category","embeddable":true,"href":"https:\/\/www.europesays.com\/pt\/wp-json\/wp\/v2\/categories?post=351805"},{"taxonomy":"post_tag","embeddable":true,"href":"https:\/\/www.europesays.com\/pt\/wp-json\/wp\/v2\/tags?post=351805"}],"curies":[{"name":"wp","href":"https:\/\/api.w.org\/{rel}","templated":true}]}}