{"id":351891,"date":"2026-04-21T16:02:23","date_gmt":"2026-04-21T16:02:23","guid":{"rendered":"https:\/\/www.europesays.com\/pt\/351891\/"},"modified":"2026-04-21T16:02:23","modified_gmt":"2026-04-21T16:02:23","slug":"patriotas-pela-europa-chega-ventura-e-bardella-debatem-energia-territorio-e-nuclear","status":"publish","type":"post","link":"https:\/\/www.europesays.com\/pt\/351891\/","title":{"rendered":"Patriotas pela Europa, Chega, Ventura e Bardella debatem energia, territ\u00f3rio e nuclear"},"content":{"rendered":"<p>Jordan Bardella, delfim de Marine Le Pen no Reagrupamento Nacional, foi um dos convidados da Conven\u00e7\u00e3o do Chega em 2023.Leonardo Negr\u00e3o<\/p>\n<p><a class=\"arrow-component arr--section-name\" aria-label=\"section-name\" href=\"https:\/\/www.dn.pt\/pol%C3%ADtica\" rel=\"nofollow noopener\" target=\"_blank\">Pol\u00edtica<\/a><\/p>\n<p>Evento da terceira bancada do Parlamento Europeu conta com o franc\u00eas que procura o que a fam\u00edlia Le Pen n\u00e3o conseguiu. E pretende mostrar que a direita radical n\u00e3o pensa s\u00f3 em seguran\u00e7a e imigra\u00e7\u00e3o.\n<\/p>\n<p>Publicado a:\u00a0<\/p>\n<p>21 Abr 2026, 09:33<\/p>\n<p>Atualizado a:\u00a0<\/p>\n<p>21 Abr 2026, 09:33<\/p>\n<p>Loading content, please wait&#8230;<\/p>\n","protected":false},"excerpt":{"rendered":"Jordan Bardella, delfim de Marine Le Pen no Reagrupamento Nacional, foi um dos convidados da Conven\u00e7\u00e3o do Chega&hellip;\n","protected":false},"author":2,"featured_media":351892,"comment_status":"","ping_status":"","sticky":false,"template":"","format":"standard","meta":{"footnotes":"","_share_on_mastodon":"0"},"categories":[10],"tags":[3386,27,28,1736,306,22629,15,16,50145,14,17999,25,26,21,22,24661,12,13,19,20,8118,60148,32,23,24,33,60150,60149,17,18,29,30,31,1992],"class_list":["post-351891","post","type-post","status-publish","format-standard","has-post-thumbnail","category-portugal","tag-andre-ventura","tag-breaking-news","tag-breakingnews","tag-chega","tag-edicao-impressa","tag-energia-nuclear","tag-featured-news","tag-featurednews","tag-fidesz","tag-headlines","tag-jordan-bardella","tag-latest-news","tag-latestnews","tag-main-news","tag-mainnews","tag-miguel-corte-real","tag-news","tag-noticias","tag-noticias-principais","tag-noticiasprincipais","tag-parlamento-europeu","tag-patriotas-pela-europa","tag-portugal","tag-principais-noticias","tag-principaisnoticias","tag-pt","tag-reagrupamento-nacional","tag-tanger-correa","tag-top-stories","tag-topstories","tag-ultimas","tag-ultimas-noticias","tag-ultimasnoticias","tag-viktor-orban"],"share_on_mastodon":{"url":"","error":"Validation failed: Text character limit of 500 exceeded"},"_links":{"self":[{"href":"https:\/\/www.europesays.com\/pt\/wp-json\/wp\/v2\/posts\/351891","targetHints":{"allow":["GET"]}}],"collection":[{"href":"https:\/\/www.europesays.com\/pt\/wp-json\/wp\/v2\/posts"}],"about":[{"href":"https:\/\/www.europesays.com\/pt\/wp-json\/wp\/v2\/types\/post"}],"author":[{"embeddable":true,"href":"https:\/\/www.europesays.com\/pt\/wp-json\/wp\/v2\/users\/2"}],"replies":[{"embeddable":true,"href":"https:\/\/www.europesays.com\/pt\/wp-json\/wp\/v2\/comments?post=351891"}],"version-history":[{"count":0,"href":"https:\/\/www.europesays.com\/pt\/wp-json\/wp\/v2\/posts\/351891\/revisions"}],"wp:featuredmedia":[{"embeddable":true,"href":"https:\/\/www.europesays.com\/pt\/wp-json\/wp\/v2\/media\/351892"}],"wp:attachment":[{"href":"https:\/\/www.europesays.com\/pt\/wp-json\/wp\/v2\/media?parent=351891"}],"wp:term":[{"taxonomy":"category","embeddable":true,"href":"https:\/\/www.europesays.com\/pt\/wp-json\/wp\/v2\/categories?post=351891"},{"taxonomy":"post_tag","embeddable":true,"href":"https:\/\/www.europesays.com\/pt\/wp-json\/wp\/v2\/tags?post=351891"}],"curies":[{"name":"wp","href":"https:\/\/api.w.org\/{rel}","templated":true}]}}