{"id":352018,"date":"2026-04-21T17:48:16","date_gmt":"2026-04-21T17:48:16","guid":{"rendered":"https:\/\/www.europesays.com\/pt\/352018\/"},"modified":"2026-04-21T17:48:16","modified_gmt":"2026-04-21T17:48:16","slug":"bernardina-brito-confirma-relacao-com-cantor-famoso-e-o-cupido-foi-uma-cara-bem-conhecida-secret-story","status":"publish","type":"post","link":"https:\/\/www.europesays.com\/pt\/352018\/","title":{"rendered":"Bernardina Brito confirma rela\u00e7\u00e3o com cantor famoso. E o cupido foi uma cara bem conhecida &#8211; Secret Story"},"content":{"rendered":"<p style=\"margin-bottom:11px\"><strong>Bernardina Brito <\/strong>vive mesmo uma rela\u00e7\u00e3o com o cantor <strong>Badoxa<\/strong>. <a href=\"https:\/\/tvi.iol.pt\/secretstory\/bernardina-brito\/badoxa\/e-bom-beijar-a-tua-boca-bernardina-brito-em-clima-de-romance-com-conhecido-cantor-famoso\" rel=\"nofollow noopener\" target=\"_blank\">Ap\u00f3s algumas suspeitas<\/a>, baseadas em fotografias em que os dois apareciam muito pr\u00f3ximos, a empres\u00e1rio quebrou o sil\u00eancio e confirmou a verdade. \u00abEstamos a viver uma fase bonita, mas tudo com calma\u00bb, declarou ao Not\u00edcias ao Minuto. Apesar de confirmar que est\u00e1 a viver uma fase bonita, Bernardina n\u00e3o se quis alongar em muitos pormenores.<\/p>\n<p>Mesmo assim, revelou que os dois se aproximaram devido a um videoclip que fizeram juntos. \u00abO videoclip fez com nos aproxim\u00e1ssemos mais\u00bb, declarou, especificando que a amiga Daniela Santos teve um papel importante na rela\u00e7\u00e3o dos dois. \u00abPode dizer-se que, talvez, a Dani tenha sido o cupido\u00bb, deixou escapar.<\/p>\n<p>\u00a0\u00a0As fotos que levantaram as suspeitas\u00a0 <\/p>\n<p style=\"margin-bottom:11px\">\u00a0A empres\u00e1ria deixou todos intrigados ao surgir abra\u00e7ada a um cantor famoso. Nas imagens, partilhadas no Instagram oficial de <strong>Badoxa<\/strong>, \u00e9 poss\u00edvel ver a ex-concorrente muito pr\u00f3xima do artista. E como som de fundo, ouve-se o seguinte verso: \u00abSe soubesses o quanto \u00e9 bom, beijar a tua boca e tirar-te o batom. Eu queria uma fantasia, tu \u00e9s jindungo na via, contigo eu perco o ju\u00edzo, hoje eu sou o teu her\u00f3i e tu \u00e9s a minha cowboy\u00bb. Al\u00e9m disso, foi acrescentado um emoji de cora\u00e7\u00e3o \u00e0 partilha.<\/p>\n<p>Foi no in\u00edcio do ano que Bernardina Brito confirmou estar separada de Pedro Almeida, ao fim de uma rela\u00e7\u00e3o de 10 anos. \u00a0<\/p>\n<p>\u00abEstou separada. Mas estamos todos bem, foi uma decis\u00e3o tomada em conjunto, pensada, repensada. Depois de algumas tentativas de que pudesse vir a dar certo, percebemos que n\u00e3o iria dar certo e que ent\u00e3o o ideal era seguirmos caminhos diferentes para que pud\u00e9ssemos ficar bem, tanto um como outro. Para que pud\u00e9ssemos proporcionar \u00e0s crian\u00e7as um ambiente saud\u00e1vel em ambas as partes\u00bb, declarou.<\/p>\n<p>Al\u00e9m de Kyara, Bernardina Brito \u00e9 m\u00e3e de K\u00e9vim, fruto de uma rela\u00e7\u00e3o antiga com Tiago Ginga. \u00a0<\/p>\n<p><img loading=\"lazy\" decoding=\"async\" alt=\"\" height=\"638\" src=\"https:\/\/www.europesays.com\/pt\/wp-content\/uploads\/2026\/04\/69e75a64d34edcee7c63488c.webp\" width=\"378\"\/><\/p>\n<p>\u00a0<\/p>\n","protected":false},"excerpt":{"rendered":"Bernardina Brito vive mesmo uma rela\u00e7\u00e3o com o cantor Badoxa. Ap\u00f3s algumas suspeitas, baseadas em fotografias em que&hellip;\n","protected":false},"author":2,"featured_media":352019,"comment_status":"","ping_status":"","sticky":false,"template":"","format":"standard","meta":{"footnotes":"","_share_on_mastodon":"0"},"categories":[142],"tags":[13486,18706,5303,114,115,18705,32,33,151,18704],"class_list":["post-352018","post","type-post","status-publish","format-standard","has-post-thumbnail","category-tv","tag-badoxa","tag-bastidores-secret-story","tag-bernardina-brito","tag-entertainment","tag-entretenimento","tag-entrevistas-concorrentes-tvi","tag-portugal","tag-pt","tag-tv","tag-vida-fora-da-casa"],"share_on_mastodon":{"url":"https:\/\/pubeurope.com\/@pt\/116443959134964371","error":""},"_links":{"self":[{"href":"https:\/\/www.europesays.com\/pt\/wp-json\/wp\/v2\/posts\/352018","targetHints":{"allow":["GET"]}}],"collection":[{"href":"https:\/\/www.europesays.com\/pt\/wp-json\/wp\/v2\/posts"}],"about":[{"href":"https:\/\/www.europesays.com\/pt\/wp-json\/wp\/v2\/types\/post"}],"author":[{"embeddable":true,"href":"https:\/\/www.europesays.com\/pt\/wp-json\/wp\/v2\/users\/2"}],"replies":[{"embeddable":true,"href":"https:\/\/www.europesays.com\/pt\/wp-json\/wp\/v2\/comments?post=352018"}],"version-history":[{"count":0,"href":"https:\/\/www.europesays.com\/pt\/wp-json\/wp\/v2\/posts\/352018\/revisions"}],"wp:featuredmedia":[{"embeddable":true,"href":"https:\/\/www.europesays.com\/pt\/wp-json\/wp\/v2\/media\/352019"}],"wp:attachment":[{"href":"https:\/\/www.europesays.com\/pt\/wp-json\/wp\/v2\/media?parent=352018"}],"wp:term":[{"taxonomy":"category","embeddable":true,"href":"https:\/\/www.europesays.com\/pt\/wp-json\/wp\/v2\/categories?post=352018"},{"taxonomy":"post_tag","embeddable":true,"href":"https:\/\/www.europesays.com\/pt\/wp-json\/wp\/v2\/tags?post=352018"}],"curies":[{"name":"wp","href":"https:\/\/api.w.org\/{rel}","templated":true}]}}