{"id":35204,"date":"2025-08-19T01:29:10","date_gmt":"2025-08-19T01:29:10","guid":{"rendered":"https:\/\/www.europesays.com\/pt\/35204\/"},"modified":"2025-08-19T01:29:10","modified_gmt":"2025-08-19T01:29:10","slug":"no-streaming-o-filme-nao-tao-conhecido-assim-de-tom-cruise-que-e-baseado-em-uma-incrivel-historia-real-noticias-de-cinema","status":"publish","type":"post","link":"https:\/\/www.europesays.com\/pt\/35204\/","title":{"rendered":"No streaming: O filme n\u00e3o t\u00e3o conhecido assim de Tom Cruise que \u00e9 baseado em uma incr\u00edvel hist\u00f3ria real &#8211; Not\u00edcias de cinema"},"content":{"rendered":"<p>O longa-metragem \u00e9 dirigido por Doug Liman, cineasta que tamb\u00e9m trabalhou com Cruise em No Limite do Amanh\u00e3.<\/p>\n<p class=\"bo-p\">Sem sombra de d\u00favida, <a href=\"https:\/\/www.adorocinema.com\/personalidades\/personalidade-1722\/\" class=\"bo-link\" rel=\"nofollow noopener\" target=\"_blank\">Tom Cruise<\/a> \u00e9 um dos maiores nomes da ind\u00fastria cinematogr\u00e1fica, um astro que carrega no curr\u00edculo o peso de trabalhos como <a href=\"https:\/\/www.adorocinema.com\/filmes\/filme-22858\/\" class=\"bo-link\" rel=\"nofollow noopener\" target=\"_blank\">Magn\u00f3lia<\/a>, <a href=\"https:\/\/www.adorocinema.com\/filmes\/filme-15308\/\" class=\"bo-link\" rel=\"nofollow noopener\" target=\"_blank\">Miss\u00e3o Imposs\u00edvel<\/a>, <a href=\"https:\/\/www.adorocinema.com\/filmes\/filme-20502\/\" class=\"bo-link\" rel=\"nofollow noopener\" target=\"_blank\">De Olhos Bem Fechados<\/a> e mais. Entretanto, em 2017, Cruise protagonizou um longa-metragem que n\u00e3o se tornou t\u00e3o famoso quanto os outros citados: a quase cinebiografia, <a href=\"https:\/\/www.adorocinema.com\/filmes\/filme-227043\/\" class=\"bo-link\" rel=\"nofollow noopener\" target=\"_blank\"><b>Feito na Am\u00e9rica<\/b><\/a>.<\/p>\n<p class=\"bo-p\">Inspirada em parte por uma incr\u00edvel hist\u00f3ria real, a trama mergulha na vida de Barry Seal, um piloto de avi\u00e3o talentoso que, nos anos 1980, acaba se envolvendo com a CIA em miss\u00f5es secretas na Am\u00e9rica Latina &#8211; ao mesmo tempo em que trabalha para cart\u00e9is de drogas. Misturando humor \u00e1cido, ritmo acelerado e cr\u00edticas sociais, o filme oferece um olhar ir\u00f4nico sobre os bastidores do poder, da pol\u00edtica externa dos Estados Unidos e do submundo do crime internacional.<\/p>\n<p>    <a class=\"cms-see-also\" data-title=\"Link relacionado\" href=\"https:\/\/www.adorocinema.com\/noticias\/filmes\/noticia-1000157182\/\" rel=\"nofollow noopener\" target=\"_blank\">As pessoas est\u00e3o descobrindo s\u00f3 agora o nome completo de Tom Cruise &#8211; e h\u00e1 uma hist\u00f3ria por tr\u00e1s<\/a><br \/>\nTOM CRUISE PILOTOU UM AVI\u00c3O EM FEITO NA AM\u00c9RICA<\/p>\n<p class=\"bo-p\">Acostumado a <a href=\"https:\/\/www.adorocinema.com\/slideshows\/filmes\/slideshow-130230\/\" class=\"bo-link\" rel=\"nofollow noopener\" target=\"_blank\">dispensar os dubl\u00eas em suas acrobacias<\/a>, Cruise precisou pilotar um avi\u00e3o para algumas das sequ\u00eancias do longa. O diretor <a href=\"https:\/\/www.adorocinema.com\/personalidades\/personalidade-27742\/\" class=\"bo-link\" rel=\"nofollow noopener\" target=\"_blank\">Doug Liman<\/a> chegou a elogiar a coragem do ator durante uma entrevista passada para o Fandango, colocando da seguinte forma:<\/p>\n<p class=\"bo-p\">\u201cN\u00e3o acredito que farei outro filme que seja uma aventura na filmagem como Feito na Am\u00e9rica, com avi\u00f5es reais e com o ator pilotando de verdade.\u201d<\/p>\n<p class=\"bo-p\">Liman ainda acrescentou durante uma conversa com o Den of Geek:<\/p>\n<p class=\"bo-p\">\u201cTom e eu est\u00e1vamos voando para uma pista de pouso muito remota a cerca de tr\u00eas horas de Medel\u00edn, na Col\u00f4mbia. Ent\u00e3o, eu simplesmente peguei um travesseiro e adormeci. Tom, de brincadeira, colocou o avi\u00e3o em um arco parab\u00f3lico, e eu acordei enquanto estava sendo jogado no teto deste avi\u00e3o. Eu estava preso contra o teto, o que eu achei engra\u00e7ado. Doeu, mas eu achei engra\u00e7ado. A partir da\u00ed, Tom e eu pensamos: &#8216;n\u00e3o seria divertido fazer isso no filme?&#8217;, e fizemos.\u201d<\/p>\n<p class=\"bo-p\">Vale ressaltar que Feito na Am\u00e9rica ainda conta com outros nomes conhecidos da grande ind\u00fastria, como <a href=\"https:\/\/www.adorocinema.com\/personalidades\/personalidade-105139\/\" class=\"bo-link\" rel=\"nofollow noopener\" target=\"_blank\">Sarah Wright<\/a>, <a href=\"https:\/\/www.adorocinema.com\/personalidades\/personalidade-398314\/\" class=\"bo-link\" rel=\"nofollow noopener\" target=\"_blank\">Domhnall Gleeson<\/a>, <a href=\"https:\/\/www.adorocinema.com\/personalidades\/personalidade-87400\/\" class=\"bo-link\" rel=\"nofollow noopener\" target=\"_blank\">Jesse Plemons<\/a> e <a href=\"https:\/\/www.adorocinema.com\/personalidades\/personalidade-56772\/\" class=\"bo-link\" rel=\"nofollow noopener\" target=\"_blank\">E. Roger Mitchell<\/a>. O filme est\u00e1 dispon\u00edvel para streaming no <a href=\"https:\/\/www.adorocinema.com\/streaming\/amazon\/\" class=\"bo-link\" rel=\"nofollow noopener\" target=\"_blank\">Prime Video<\/a>.<\/p>\n","protected":false},"excerpt":{"rendered":"O longa-metragem \u00e9 dirigido por Doug Liman, cineasta que tamb\u00e9m trabalhou com Cruise em No Limite do Amanh\u00e3.&hellip;\n","protected":false},"author":2,"featured_media":35205,"comment_status":"","ping_status":"","sticky":false,"template":"","format":"standard","meta":{"footnotes":""},"categories":[140],"tags":[114,115,11070,147,148,146,32,33],"class_list":{"0":"post-35204","1":"post","2":"type-post","3":"status-publish","4":"format-standard","5":"has-post-thumbnail","7":"category-filmes","8":"tag-entertainment","9":"tag-entretenimento","10":"tag-feito_na_america","11":"tag-film","12":"tag-filmes","13":"tag-movies","14":"tag-portugal","15":"tag-pt"},"share_on_mastodon":{"url":"","error":""},"_links":{"self":[{"href":"https:\/\/www.europesays.com\/pt\/wp-json\/wp\/v2\/posts\/35204","targetHints":{"allow":["GET"]}}],"collection":[{"href":"https:\/\/www.europesays.com\/pt\/wp-json\/wp\/v2\/posts"}],"about":[{"href":"https:\/\/www.europesays.com\/pt\/wp-json\/wp\/v2\/types\/post"}],"author":[{"embeddable":true,"href":"https:\/\/www.europesays.com\/pt\/wp-json\/wp\/v2\/users\/2"}],"replies":[{"embeddable":true,"href":"https:\/\/www.europesays.com\/pt\/wp-json\/wp\/v2\/comments?post=35204"}],"version-history":[{"count":0,"href":"https:\/\/www.europesays.com\/pt\/wp-json\/wp\/v2\/posts\/35204\/revisions"}],"wp:featuredmedia":[{"embeddable":true,"href":"https:\/\/www.europesays.com\/pt\/wp-json\/wp\/v2\/media\/35205"}],"wp:attachment":[{"href":"https:\/\/www.europesays.com\/pt\/wp-json\/wp\/v2\/media?parent=35204"}],"wp:term":[{"taxonomy":"category","embeddable":true,"href":"https:\/\/www.europesays.com\/pt\/wp-json\/wp\/v2\/categories?post=35204"},{"taxonomy":"post_tag","embeddable":true,"href":"https:\/\/www.europesays.com\/pt\/wp-json\/wp\/v2\/tags?post=35204"}],"curies":[{"name":"wp","href":"https:\/\/api.w.org\/{rel}","templated":true}]}}