{"id":352576,"date":"2026-04-22T04:25:19","date_gmt":"2026-04-22T04:25:19","guid":{"rendered":"https:\/\/www.europesays.com\/pt\/352576\/"},"modified":"2026-04-22T04:25:19","modified_gmt":"2026-04-22T04:25:19","slug":"daniel-radcliffe-revela-seu-filme-favorito-de-harry-potter-e-surpreende-com-o-que-menos-gosta-assista","status":"publish","type":"post","link":"https:\/\/www.europesays.com\/pt\/352576\/","title":{"rendered":"Daniel Radcliffe revela seu filme favorito de Harry Potter e surpreende com o que menos gosta; assista"},"content":{"rendered":"<p>                                Ler resumo <\/p>\n<p>Daniel Radcliffe participou do podcast Happy Sad Confused e colocou os filmes de \u201cHarry Potter\u201d em disputa, escolhendo entre eles em uma din\u00e2mica.<\/p>\n<p>Astro dos filmes de <a href=\"https:\/\/hugogloss.uol.com.br\/tag\/harry-potter\/\" rel=\"nofollow noopener\" target=\"_blank\">Harry Potter<\/a>, <a href=\"https:\/\/hugogloss.uol.com.br\/tag\/daniel-radcliffe\/\" rel=\"nofollow noopener\" target=\"_blank\">Daniel Radcliffe<\/a> ranqueou os 8 filmes da saga, durante recente participa\u00e7\u00e3o no podcast \u2018Happy Sad Confused\u2019. Na din\u00e2mica, ele teve que escolher entre os longas em duelos, de dois em dois, at\u00e9 definir seu favorito e tamb\u00e9m o que menos gosta.<\/p>\n<p>A batalha come\u00e7ou entre os dois primeiros filmes da franquia, \u201cA Pedra Filosofal\u201d e \u201cA C\u00e2mera Secreta\u201d e o ator decidiu pelo segundo. \u201cEu escolheria \u2018A C\u00e2mera Secreta\u2019 entre os dois porque eu amo o Basilisco\u201d, comentou.<\/p>\n<p>Na sequ\u00eancia da din\u00e2mica, o ator teve que escolher entre \u201cO Prisioneiro de Azkaban\u201d, querido pelos f\u00e3s, e \u201cO C\u00e1lice de Fogo\u201d. \u201cEu sei que todo mundo quer que eu diga Azkaban. Eu sei que \u00e9 assim que todo mundo se sente, mas eu adoro o que eu pude fazer no quarto filme, foi incr\u00edvel. Ent\u00e3o vou dizer \u2018C\u00e1lice de Fogo\u2019\u201d, revelou Daniel.<\/p>\n<p> <img loading=\"lazy\" decoding=\"async\" class=\"size-medium wp-image-871593 img-fluid lazy\" alt=\"Harry Potter\" width=\"617\" height=\"347\" src=\"https:\/\/www.europesays.com\/pt\/wp-content\/uploads\/2026\/04\/harry-potter-617x347.jpg\"  \/>Daniel Radcliffe como Harry Potter, personagem que viveu de 2001 at\u00e9 2011. (Foto: Divulga\u00e7\u00e3o \/ Warner Bros) <\/p>\n<p>No pr\u00f3ximo confronto, o ator se adiantou e n\u00e3o s\u00f3 escolheu um dos filmes, mas j\u00e1 revelou o seu menos favorito de toda a franquia. \u201cEscolho \u2018Ordem da F\u00eanix\u2019, de longe. \u2018Enigma do Pr\u00edncipe\u2019 provavelmente fica no fim da lista pra mim\u201d, disse ele. \u201cE isso \u00e9 por causa do meu pr\u00f3prio desempenho, n\u00e3o do filme\u201d, explicou.<\/p>\n<p>Na \u00faltima disputa entre as parte 1 e 2 de \u201cRel\u00edquias da Morte\u201d, Daniel optou pelo filme que encerrou a franquia Harry Potter e que, por sinal, \u00e9 o seu favorito entre todos.<\/p>\n<p>Durante o podcast, o ator ainda revelou que n\u00e3o assiste aos filmes h\u00e1 muito tempo. \u201cQuando eu tinha 18 anos, eu ficava com vergonha assistindo aos primeiros filmes. Hoje, acho os primeiros filmes fofos e agora fico com vergonha de me ver quando tinha 18 ou 19 anos\u201d, disse. \u201cMas imagino que isso v\u00e1 continuar mudando, conforme o que eu considero aceit\u00e1vel no meu pr\u00f3prio trabalho\u201d, concluiu. <strong>Assista:<\/strong><\/p>\n<p>O ator tinha apenas 11 anos quando come\u00e7aram as grava\u00e7\u00f5es do primeiro filme da saga. Coincidentemente, Dominic McLaughlin, o ator que dar\u00e1 vida a Harry Potter, na nova s\u00e9rie produzida pela HBO, tamb\u00e9m foi escalado com a mesma idade. Em novembro de 2025, em uma apari\u00e7\u00e3o no programa Good Morning America, Daniel revelou que escreveu uma carta para o novo ator.<\/p>\n<p>\u201cEu n\u00e3o quero ser uma esp\u00e9cie de sombra na vida dessas crian\u00e7as, mas s\u00f3 quis escrever para ele para dizer: \u2018Espero que voc\u00ea aproveite ao m\u00e1ximo \u2014 e ainda mais do que eu aproveitei. Eu me diverti muito, mas espero que voc\u00ea se divirta ainda mais\u2019\u201d, comentou. A nova s\u00e9rie de Harry Potter est\u00e1 prevista para estrear no Natal de 2026, na HBO Max.<\/p>\n<p>                                                                    <a id=\"google-news\" class=\"google-news\" href=\"https:\/\/news.google.com\/publications\/CAAqBwgKMM6ViAswv82GAw?ceid=BR:pt-419&amp;amp;oc=3&amp;amp;hl=pt-BR&amp;amp;gl=BR\" target=\"_blank\" rel=\"nofollow noopener\"><\/p>\n<p>                                            Siga a <strong> Hugo Gloss no Google News<\/strong> e acompanhe nossos destaques<\/p>\n<p>                                    <\/a><\/p>\n","protected":false},"excerpt":{"rendered":"Ler resumo Daniel Radcliffe participou do podcast Happy Sad Confused e colocou os filmes de \u201cHarry Potter\u201d em&hellip;\n","protected":false},"author":2,"featured_media":352577,"comment_status":"","ping_status":"","sticky":false,"template":"","format":"standard","meta":{"footnotes":"","_share_on_mastodon":"0"},"categories":[140],"tags":[15628,114,115,147,148,700,146,32,33],"class_list":["post-352576","post","type-post","status-publish","format-standard","has-post-thumbnail","category-filmes","tag-daniel-radcliffe","tag-entertainment","tag-entretenimento","tag-film","tag-filmes","tag-harry-potter","tag-movies","tag-portugal","tag-pt"],"share_on_mastodon":{"url":"https:\/\/pubeurope.com\/@pt\/116446463959896879","error":""},"_links":{"self":[{"href":"https:\/\/www.europesays.com\/pt\/wp-json\/wp\/v2\/posts\/352576","targetHints":{"allow":["GET"]}}],"collection":[{"href":"https:\/\/www.europesays.com\/pt\/wp-json\/wp\/v2\/posts"}],"about":[{"href":"https:\/\/www.europesays.com\/pt\/wp-json\/wp\/v2\/types\/post"}],"author":[{"embeddable":true,"href":"https:\/\/www.europesays.com\/pt\/wp-json\/wp\/v2\/users\/2"}],"replies":[{"embeddable":true,"href":"https:\/\/www.europesays.com\/pt\/wp-json\/wp\/v2\/comments?post=352576"}],"version-history":[{"count":0,"href":"https:\/\/www.europesays.com\/pt\/wp-json\/wp\/v2\/posts\/352576\/revisions"}],"wp:featuredmedia":[{"embeddable":true,"href":"https:\/\/www.europesays.com\/pt\/wp-json\/wp\/v2\/media\/352577"}],"wp:attachment":[{"href":"https:\/\/www.europesays.com\/pt\/wp-json\/wp\/v2\/media?parent=352576"}],"wp:term":[{"taxonomy":"category","embeddable":true,"href":"https:\/\/www.europesays.com\/pt\/wp-json\/wp\/v2\/categories?post=352576"},{"taxonomy":"post_tag","embeddable":true,"href":"https:\/\/www.europesays.com\/pt\/wp-json\/wp\/v2\/tags?post=352576"}],"curies":[{"name":"wp","href":"https:\/\/api.w.org\/{rel}","templated":true}]}}