{"id":353255,"date":"2026-04-22T16:16:09","date_gmt":"2026-04-22T16:16:09","guid":{"rendered":"https:\/\/www.europesays.com\/pt\/353255\/"},"modified":"2026-04-22T16:16:09","modified_gmt":"2026-04-22T16:16:09","slug":"bruxelas-da-aprovacao-preliminar-ao-emprestimo-de-90-mil-milhoes-a-ucrania-uniao-europeia","status":"publish","type":"post","link":"https:\/\/www.europesays.com\/pt\/353255\/","title":{"rendered":"Bruxelas d\u00e1 aprova\u00e7\u00e3o preliminar ao empr\u00e9stimo de 90 mil milh\u00f5es \u00e0 Ucr\u00e2nia | Uni\u00e3o Europeia"},"content":{"rendered":"<p>A Uni\u00e3o Europeia deu luz verde ao empr\u00e9stimo de 90 mil milh\u00f5es de euros para a Ucr\u00e2nia, confirmou a presid\u00eancia cipriota do Conselho da UE, pondo fim a um impasse de v\u00e1rios meses motivado pelo bloqueio da Hungria.<\/p>\n<p>Momentos antes tinha sido confirmada a reabertura do oleoduto de <a href=\"https:\/\/www.publico.pt\/2026\/03\/17\/mundo\/noticia\/ucrania-aceita-assistencia-ue-reparar-oleoduto-druzhba-2168214\" target=\"_blank\" rel=\"nofollow noopener\">Druzhba<\/a>, permitindo o fluxo de petr\u00f3leo russo para a Hungria atrav\u00e9s da Ucr\u00e2nia, satisfazendo as exig\u00eancias do ainda primeiro-ministro h\u00fangaro, Viktor Orb\u00e1n, que apenas daria um voto favor\u00e1vel ao empr\u00e9stimo assim que esta infra-estrutura fosse reparada.<\/p>\n<p>O apoio macro-financeiro da UE \u00e0 Ucr\u00e2nia, atrav\u00e9s de um empr\u00e9stimo de 90 mil milh\u00f5es de euros para 2026 e 2027, foi <a href=\"https:\/\/www.publico.pt\/2025\/12\/19\/mundo\/noticia\/lideres-ue-fecham-apoio-ucrania-nova-emissao-divida-conjunta-2158671\" target=\"_blank\" rel=\"nofollow noopener\">aprovado pelos l\u00edderes do Conselho Europeu<\/a> em Dezembro. A Hungria n\u00e3o participa no financiamento, mas o seu voto era necess\u00e1rio para poder concretizar a opera\u00e7\u00e3o financeira, uma vez que \u00e9 o or\u00e7amento comunit\u00e1rio que serve de garantia \u00e0 emiss\u00e3o de d\u00edvida da UE. O processo dever\u00e1 ficar definitivamente conclu\u00eddo esta quinta-feira, com uma aprova\u00e7\u00e3o por procedimento escrito.<\/p>\n<p>        &#13;<\/p>\n<p>&#13;<br \/>\n                &#13;\n            <\/p>\n<p>&#13;<\/p>\n<p>\u00c0 hora do jantar, quando o Presidente ucraniano se ligar como habitualmente \u00e0 reuni\u00e3o informal dos chefes de Estado e governo da UE, em Chipre, poder\u00e1 j\u00e1 haver uma perspectiva de quando ser\u00e1 efectuada a primeira transfer\u00eancia para Kiev.<\/p>\n<p>O Presidente ucraniano, Volodymyr Zelensky, saudou a decis\u00e3o que descreveu como o &#8220;sinal certo&#8221; no quadro do apoio europeu \u00e0 Ucr\u00e2nia. &#8220;A R\u00fassia deve p\u00f4r fim \u00e0 sua guerra. E os incentivos para isso podem surgir apenas quando tanto o apoio \u00e0 Ucr\u00e2nia como a press\u00e3o sobre a R\u00fassia forem suficientes&#8221;, afirmou atrav\u00e9s da rede social X.<\/p>\n<p>Esta semana, Orb\u00e1n j\u00e1 tinha dado sinais de que o <a href=\"https:\/\/www.publico.pt\/2026\/04\/21\/mundo\/noticia\/hungria-deixa-cair-ameaca-veto-emprestimo-ue-ucrania-2171986\" target=\"_blank\" rel=\"nofollow noopener\">veto da Hungria<\/a> ao empr\u00e9stimo, assim como ao 20.\u00ba pacote de san\u00e7\u00f5es \u00e0 R\u00fassia, estaria prestes a ser levantado. O Fidesz, partido que est\u00e1 no poder na Hungria h\u00e1 16 anos, sofreu uma <a href=\"https:\/\/www.publico.pt\/2026\/04\/12\/mundo\/noticia\/eleicoes-hungria-magyar-pede-calma-paciencia-cautelosamente-optimista-2170986\" target=\"_blank\" rel=\"nofollow noopener\">enorme derrota nas elei\u00e7\u00f5es legislativas<\/a> deste m\u00eas contra o partido europe\u00edsta Tisza, de P\u00e9ter Magyar.<\/p>\n<p>Enquanto ainda decorria a reuni\u00e3o de embaixadores dos Estados-membros, as empresas energ\u00e9ticas da Hungria e da Ucr\u00e2nia, a MOL e a JSC, respectivamente, confirmavam a retoma do fluxo de petr\u00f3leo atrav\u00e9s do oleoduto de Druzhba.<\/p>\n<p>\u201cEsperamos que os primeiros fornecimentos de crude ap\u00f3s a reabertura da sec\u00e7\u00e3o ucraniana do sistema do oleoduto cheguem \u00e0 Hungria e \u00e0 Eslov\u00e1quia amanh\u00e3 o mais tardar\u201d, informou a empresa h\u00fangara.<\/p>\n<p>O oleoduto estava inactivo desde o final de Janeiro depois de ter ficado muito danificado na sequ\u00eancia de bombardeamentos russos. O Governo h\u00fangaro, que tem sido um dos maiores opositores ao apoio europeu a Kiev, acusou a Ucr\u00e2nia de estar a impedir deliberadamente a retoma do fluxo de petr\u00f3leo e, por isso, bloqueou o empr\u00e9stimo.<\/p>\n","protected":false},"excerpt":{"rendered":"A Uni\u00e3o Europeia deu luz verde ao empr\u00e9stimo de 90 mil milh\u00f5es de euros para a Ucr\u00e2nia, confirmou&hellip;\n","protected":false},"author":2,"featured_media":353256,"comment_status":"","ping_status":"","sticky":false,"template":"","format":"standard","meta":{"footnotes":"","_share_on_mastodon":"0"},"categories":[50],"tags":[27,28,15,16,889,14,1991,25,26,21,22,62,12,13,19,20,23,24,17,18,840,29,30,31,636,1992,63,64,65],"class_list":["post-353255","post","type-post","status-publish","format-standard","has-post-thumbnail","category-mundo","tag-breaking-news","tag-breakingnews","tag-featured-news","tag-featurednews","tag-guerra-na-ucrania","tag-headlines","tag-hungria","tag-latest-news","tag-latestnews","tag-main-news","tag-mainnews","tag-mundo","tag-news","tag-noticias","tag-noticias-principais","tag-noticiasprincipais","tag-principais-noticias","tag-principaisnoticias","tag-top-stories","tag-topstories","tag-ucrania","tag-ultimas","tag-ultimas-noticias","tag-ultimasnoticias","tag-uniao-europeia","tag-viktor-orban","tag-world","tag-world-news","tag-worldnews"],"share_on_mastodon":{"url":"https:\/\/pubeurope.com\/@pt\/116449259533129690","error":""},"_links":{"self":[{"href":"https:\/\/www.europesays.com\/pt\/wp-json\/wp\/v2\/posts\/353255","targetHints":{"allow":["GET"]}}],"collection":[{"href":"https:\/\/www.europesays.com\/pt\/wp-json\/wp\/v2\/posts"}],"about":[{"href":"https:\/\/www.europesays.com\/pt\/wp-json\/wp\/v2\/types\/post"}],"author":[{"embeddable":true,"href":"https:\/\/www.europesays.com\/pt\/wp-json\/wp\/v2\/users\/2"}],"replies":[{"embeddable":true,"href":"https:\/\/www.europesays.com\/pt\/wp-json\/wp\/v2\/comments?post=353255"}],"version-history":[{"count":0,"href":"https:\/\/www.europesays.com\/pt\/wp-json\/wp\/v2\/posts\/353255\/revisions"}],"wp:featuredmedia":[{"embeddable":true,"href":"https:\/\/www.europesays.com\/pt\/wp-json\/wp\/v2\/media\/353256"}],"wp:attachment":[{"href":"https:\/\/www.europesays.com\/pt\/wp-json\/wp\/v2\/media?parent=353255"}],"wp:term":[{"taxonomy":"category","embeddable":true,"href":"https:\/\/www.europesays.com\/pt\/wp-json\/wp\/v2\/categories?post=353255"},{"taxonomy":"post_tag","embeddable":true,"href":"https:\/\/www.europesays.com\/pt\/wp-json\/wp\/v2\/tags?post=353255"}],"curies":[{"name":"wp","href":"https:\/\/api.w.org\/{rel}","templated":true}]}}