{"id":35354,"date":"2025-08-19T04:52:22","date_gmt":"2025-08-19T04:52:22","guid":{"rendered":"https:\/\/www.europesays.com\/pt\/35354\/"},"modified":"2025-08-19T04:52:22","modified_gmt":"2025-08-19T04:52:22","slug":"dependencia-causada-pela-nicotina-se-compara-a-de-drogas-ilicitas-alerta-pneumologista-da-unimed","status":"publish","type":"post","link":"https:\/\/www.europesays.com\/pt\/35354\/","title":{"rendered":"Depend\u00eancia causada pela nicotina se compara \u00e0 de drogas il\u00edcitas, alerta pneumologista da Unimed"},"content":{"rendered":"<p>Apesar dos avan\u00e7os nas campanhas de conscientiza\u00e7\u00e3o, o cigarro e, agora tamb\u00e9m, o cigarro eletr\u00f4nico continua presente na vida de milh\u00f5es de brasileiros. De acordo com o <a href=\"https:\/\/www.correiodopovo.com.br\/topicos\/Tag\/minist%C3%A9rio%20da%20sa%C3%BAde\" target=\"_blank\" rel=\"nofollow noopener\"><strong>Minist\u00e9rio da Sa\u00fade<\/strong><\/a>, em 2024, o percentual de adultos fumantes nas capitais aumentou de 9,3% para 11,6%. Atenta \u00e0 import\u00e2ncia da informa\u00e7\u00e3o para prevenir doen\u00e7as e enfrentar o v\u00edcio, a <a href=\"https:\/\/www.correiodopovo.com.br\/not%C3%ADcias\/sa%C3%BAde\/unimed-serra-ga%C3%BAcha-adquire-tom%C3%B3grafo-que-utiliza-ia-no-diagn%C3%B3stico-por-imagem-1.1618554\" target=\"_blank\" rel=\"nofollow noopener\"><strong>Unimed Serra Ga\u00facha<\/strong><\/a> refor\u00e7a a mensagem do Dia Nacional de Combate ao Fumo, celebrado em 29 de agosto.<\/p>\n<p>O pneumologista cooperado da Unimed Serra Ga\u00facha, Dagoberto Vanoni de Godoy, alerta que a depend\u00eancia do cigarro est\u00e1 diretamente ligada ao poder viciante da nicotina, subst\u00e2ncia compar\u00e1vel, segundo ele, \u00e0 hero\u00edna e \u00e0 coca\u00edna.<\/p>\n<p>\u201cA nicotina age rapidamente no c\u00e9rebro, provocando sensa\u00e7\u00e3o de prazer e al\u00edvio da ansiedade, gerando depend\u00eancia f\u00edsica e psicol\u00f3gica. Muitos fumantes associam o ato de fumar a momentos de pausa, socializa\u00e7\u00e3o ou controle do estresse. E \u00e9 um equ\u00edvoco pensar que fumar \u2018de vez em quando\u2019 n\u00e3o traz grandes danos\u201d, explica. <\/p>\n<p>Segundo o especialista, tanto o cigarro convencional quanto o <a href=\"https:\/\/www.correiodopovo.com.br\/opiniao\/mais-controle-sobre-os-vapes-1.1452838\" target=\"_blank\" rel=\"nofollow noopener\"><strong>eletr\u00f4nico oferecem riscos graves \u00e0 sa\u00fade<\/strong><\/a>. O tradicional cont\u00e9m mais de 4.700 subst\u00e2ncias t\u00f3xicas \u2014 entre elas, alcatr\u00e3o e mon\u00f3xido de carbono, associadas a doen\u00e7as como c\u00e2ncer, infarto, AVC, enfisema pulmonar, irrita\u00e7\u00f5es respirat\u00f3rias e aumento da press\u00e3o arterial.<\/p>\n<p>J\u00e1 o <strong><a href=\"https:\/\/www.correiodopovo.com.br\/topicos\/Tag\/cigarro%20eletr%C3%B4nico\" target=\"_blank\" rel=\"nofollow noopener\">cigarro eletr\u00f4nico<\/a><\/strong>, apesar de n\u00e3o produzir fuma\u00e7a, libera aeross\u00f3is com compostos qu\u00edmicos perigosos, como formalde\u00eddo, acrole\u00edna e metais pesados, capazes de causar les\u00f5es pulmonares agudas (como a Evali), doen\u00e7as cardiovasculares e at\u00e9 c\u00e2ncer. Nos adolescentes, a nicotina presente no vape pode prejudicar o desenvolvimento cerebral.<\/p>\n<p>\u201cO cigarro eletr\u00f4nico cria uma falsa sensa\u00e7\u00e3o de seguran\u00e7a e \u00e9 muitas vezes encarado como alternativa para parar de fumar. Mas ele tamb\u00e9m provoca depend\u00eancia e pode levar ao consumo do cigarro tradicional. Al\u00e9m disso, fatores culturais, influ\u00eancia de amigos e familiares e a imagem de rebeldia ainda alimentam o h\u00e1bito. A nicotina, por ser socialmente aceita, mant\u00e9m-se acess\u00edvel mesmo com impostos e restri\u00e7\u00f5es\u201d, ressalta Godoy.<\/p>\n<p><strong>Desafios para parar de fumar<\/strong> <\/p>\n<p>De acordo com o m\u00e9dico, a depend\u00eancia causada pelo cigarro eletr\u00f4nico pode surgir at\u00e9 mais rapidamente do que no cigarro convencional devido \u00e0s altas concentra\u00e7\u00f5es de nicotina. O tabagismo, no geral, \u00e9 fator de risco para mais de 50 doen\u00e7as, incluindo v\u00e1rios tipos de c\u00e2ncer, osteoporose, infertilidade, envelhecimento precoce da pele e complica\u00e7\u00f5es na gesta\u00e7\u00e3o.<\/p>\n<p>Mesmo quando algumas les\u00f5es s\u00e3o irrevers\u00edveis, como no caso do enfisema, o corpo come\u00e7a a se recuperar logo nos primeiros meses sem fumar. \u201cO risco de c\u00e2ncer de pulm\u00e3o cai significativamente ap\u00f3s cinco anos sem fumar e se iguala ao de um n\u00e3o fumante em cerca de 20 anos.<\/p>\n<p>O tratamento precisa ser individualizado, com acompanhamento profissional, uso de medicamentos, reposi\u00e7\u00e3o de nicotina, terapia cognitivo-comportamental e grupos de apoio\u201d, orienta o pneumologista. Para ele, o apoio da fam\u00edlia e dos amigos \u00e9 essencial, oferecendo incentivo e evitando cr\u00edticas que possam desmotivar. <\/p>\n<p>\u201cParar de fumar n\u00e3o \u00e9 apenas uma quest\u00e3o de for\u00e7a de vontade. \u00c9 um processo que exige acompanhamento, suporte e estrat\u00e9gias personalizadas. E quanto antes o h\u00e1bito \u00e9 abandonado, maiores as chances de preservar a sa\u00fade e ganhar qualidade de vida\u201d, conclui.<\/p>\n<p>Veja Tamb\u00e9m<\/p>\n","protected":false},"excerpt":{"rendered":"Apesar dos avan\u00e7os nas campanhas de conscientiza\u00e7\u00e3o, o cigarro e, agora tamb\u00e9m, o cigarro eletr\u00f4nico continua presente na&hellip;\n","protected":false},"author":2,"featured_media":35355,"comment_status":"","ping_status":"","sticky":false,"template":"","format":"standard","meta":{"footnotes":""},"categories":[86],"tags":[11117,11116,11119,116,11118,32,33,117,11115],"class_list":{"0":"post-35354","1":"post","2":"type-post","3":"status-publish","4":"format-standard","5":"has-post-thumbnail","7":"category-saude","8":"tag-cigarro","9":"tag-cigarro-eletronico","10":"tag-dependencia-quimica","11":"tag-health","12":"tag-nicotina","13":"tag-portugal","14":"tag-pt","15":"tag-saude","16":"tag-unimed-serra-gaucha"},"share_on_mastodon":{"url":"","error":""},"_links":{"self":[{"href":"https:\/\/www.europesays.com\/pt\/wp-json\/wp\/v2\/posts\/35354","targetHints":{"allow":["GET"]}}],"collection":[{"href":"https:\/\/www.europesays.com\/pt\/wp-json\/wp\/v2\/posts"}],"about":[{"href":"https:\/\/www.europesays.com\/pt\/wp-json\/wp\/v2\/types\/post"}],"author":[{"embeddable":true,"href":"https:\/\/www.europesays.com\/pt\/wp-json\/wp\/v2\/users\/2"}],"replies":[{"embeddable":true,"href":"https:\/\/www.europesays.com\/pt\/wp-json\/wp\/v2\/comments?post=35354"}],"version-history":[{"count":0,"href":"https:\/\/www.europesays.com\/pt\/wp-json\/wp\/v2\/posts\/35354\/revisions"}],"wp:featuredmedia":[{"embeddable":true,"href":"https:\/\/www.europesays.com\/pt\/wp-json\/wp\/v2\/media\/35355"}],"wp:attachment":[{"href":"https:\/\/www.europesays.com\/pt\/wp-json\/wp\/v2\/media?parent=35354"}],"wp:term":[{"taxonomy":"category","embeddable":true,"href":"https:\/\/www.europesays.com\/pt\/wp-json\/wp\/v2\/categories?post=35354"},{"taxonomy":"post_tag","embeddable":true,"href":"https:\/\/www.europesays.com\/pt\/wp-json\/wp\/v2\/tags?post=35354"}],"curies":[{"name":"wp","href":"https:\/\/api.w.org\/{rel}","templated":true}]}}