{"id":353579,"date":"2026-04-22T21:07:26","date_gmt":"2026-04-22T21:07:26","guid":{"rendered":"https:\/\/www.europesays.com\/pt\/353579\/"},"modified":"2026-04-22T21:07:26","modified_gmt":"2026-04-22T21:07:26","slug":"belgica-pede-a-cidadaos-que-tenham-kit-de-emergencia-observador","status":"publish","type":"post","link":"https:\/\/www.europesays.com\/pt\/353579\/","title":{"rendered":"B\u00e9lgica pede a cidad\u00e3os que tenham &#8220;kit de emerg\u00eancia&#8221; \u2013 Observador"},"content":{"rendered":"<p>As autoridades belgas pediram \u00e0 popula\u00e7\u00e3o que prepare \u201cum kit de emerg\u00eancia\u201d com alimentos, medicamentos e produtos essenciais que permitam viver de forma aut\u00f3noma durante tr\u00eas dias, face ao risco de cat\u00e1strofe.<\/p>\n<p>Trata-se de uma <strong>adapta\u00e7\u00e3o ao \u201ccontexto internacional inst\u00e1vel\u201d e ao risco de cat\u00e1strofes naturais relacionadas com as altera\u00e7\u00f5es clim\u00e1ticas<\/strong>, afirmou o ministro do Interior belga, Bernard Quintin. Em caso de necessidade, pretende-se que os servi\u00e7os de emerg\u00eancia se concentrem nos cidad\u00e3os mais vulner\u00e1veis, uma vez que o maior n\u00famero poss\u00edvel de pessoas pode ser autossuficiente durante as primeiras horas da crise.<\/p>\n<p>A B\u00e9lgica responde assim a uma exig\u00eancia da Comiss\u00e3o Europeia no \u00e2mbito da sua estrat\u00e9gia \u201cPrepara\u00e7\u00e3o 2030\u201d, revelada no ano passado, num contexto de amea\u00e7a russa resultante da invas\u00e3o da Ucr\u00e2nia em 2022. A comiss\u00e1ria europeia respons\u00e1vel pelas situa\u00e7\u00f5es de crise, Hadja Lahbib, saudou na rede X a iniciativa da B\u00e9lgica.<\/p>\n<blockquote class=\"twitter-tweet\" data-width=\"500\" data-dnt=\"true\">\n<p lang=\"fr\" dir=\"ltr\">Bravo \u00e0 la Belgique qui suit les recommandations de la strat\u00e9gie ????????, qui vise \u00e0 nous pr\u00e9parer \u00e0 faire face \u00e0 l\u2019impr\u00e9vu.<\/p>\n<p>\u00catre pr\u00eat, juste au cas o\u00f9, c\u2019est comme prendre une assurance : c\u2019est une question de prudence, de s\u00e9r\u00e9nit\u00e9 et de solidarit\u00e9.<\/p>\n<p>\u2014 Hadja Lahbib (@hadjalahbib) <a href=\"https:\/\/twitter.com\/hadjalahbib\/status\/2046595785840635934?ref_src=twsrc%5Etfw\" rel=\"nofollow noopener\" target=\"_blank\">April 21, 2026<\/a><\/p>\n<\/blockquote>\n<p>O \u201ckit de emerg\u00eancia\u201d, que pode ser transportado numa mochila em caso de ordem de evacua\u00e7\u00e3o, deve conter os principais documentos de identifica\u00e7\u00e3o, produtos de higiene e de primeiros socorros b\u00e1sicos, um carregador de telem\u00f3vel, uma bateria externa, um canivete multifun\u00e7\u00f5es e um apito para sinalizar a sua presen\u00e7a \u00e0s equipas de socorro. \u00c9 tamb\u00e9m importante prever pelo menos um litro de \u00e1gua por pessoa, alguns biscoitos, frutos secos ou barras energ\u00e9ticas, uma caneta esferogr\u00e1fica e papel.<\/p>\n<p>Pode-se manter em casa outro \u2018kit\u2019 mais completo, para o caso de ser necess\u00e1rio refugiar-se, potencialmente sem eletricidade, \u00e1gua ou acesso \u00e0 Internet. Recomenda-se incluir um r\u00e1dio. Os belgas s\u00e3o convidados a discutir entre vizinhos como se podem ajudar mutuamente, sabendo que \u00e9 poss\u00edvel constituir um \u201ckit de emerg\u00eancia comum\u201d num pr\u00e9dio ou numa habita\u00e7\u00e3o partilhada.<\/p>\n<p><strong>\u201cA quest\u00e3o n\u00e3o \u00e9 assustar, mas sim n\u00e3o enterrar a cabe\u00e7a na areia\u201d,<\/strong> afirmou Bernard Quintin na r\u00e1dio p\u00fablica franc\u00f3fona RTBF. O ministro belga referiu-se \u00e0 atual situa\u00e7\u00e3o geopol\u00edtica, \u201cmais preocupante do que h\u00e1 dez, quinze ou vinte anos\u201d, e recordou tamb\u00e9m que a B\u00e9lgica foi atingida no ver\u00e3o de 2021 por inunda\u00e7\u00f5es \u201cligadas \u00e0s altera\u00e7\u00f5es clim\u00e1ticas\u201d que causaram cerca de 40 mortos.<\/p>\n<p>            <script async src=\"https:\/\/platform.twitter.com\/widgets.js\" charset=\"utf-8\"><\/script><\/p>\n","protected":false},"excerpt":{"rendered":"As autoridades belgas pediram \u00e0 popula\u00e7\u00e3o que prepare \u201cum kit de emerg\u00eancia\u201d com alimentos, medicamentos e produtos essenciais&hellip;\n","protected":false},"author":2,"featured_media":353580,"comment_status":"","ping_status":"","sticky":false,"template":"","format":"standard","meta":{"footnotes":"","_share_on_mastodon":"0"},"categories":[50],"tags":[59,27,28,29948,47042,15,16,14,25,26,21,22,62,12,13,19,20,23,24,58,17,18,29,30,31,63,64,65],"class_list":["post-353579","post","type-post","status-publish","format-standard","has-post-thumbnail","category-mundo","tag-acidente","tag-breaking-news","tag-breakingnews","tag-bu00e9lgica","tag-catu00e1strofes","tag-featured-news","tag-featurednews","tag-headlines","tag-latest-news","tag-latestnews","tag-main-news","tag-mainnews","tag-mundo","tag-news","tag-noticias","tag-noticias-principais","tag-noticiasprincipais","tag-principais-noticias","tag-principaisnoticias","tag-sociedade","tag-top-stories","tag-topstories","tag-ultimas","tag-ultimas-noticias","tag-ultimasnoticias","tag-world","tag-world-news","tag-worldnews"],"share_on_mastodon":{"url":"https:\/\/pubeurope.com\/@pt\/116450403576467751","error":""},"_links":{"self":[{"href":"https:\/\/www.europesays.com\/pt\/wp-json\/wp\/v2\/posts\/353579","targetHints":{"allow":["GET"]}}],"collection":[{"href":"https:\/\/www.europesays.com\/pt\/wp-json\/wp\/v2\/posts"}],"about":[{"href":"https:\/\/www.europesays.com\/pt\/wp-json\/wp\/v2\/types\/post"}],"author":[{"embeddable":true,"href":"https:\/\/www.europesays.com\/pt\/wp-json\/wp\/v2\/users\/2"}],"replies":[{"embeddable":true,"href":"https:\/\/www.europesays.com\/pt\/wp-json\/wp\/v2\/comments?post=353579"}],"version-history":[{"count":0,"href":"https:\/\/www.europesays.com\/pt\/wp-json\/wp\/v2\/posts\/353579\/revisions"}],"wp:featuredmedia":[{"embeddable":true,"href":"https:\/\/www.europesays.com\/pt\/wp-json\/wp\/v2\/media\/353580"}],"wp:attachment":[{"href":"https:\/\/www.europesays.com\/pt\/wp-json\/wp\/v2\/media?parent=353579"}],"wp:term":[{"taxonomy":"category","embeddable":true,"href":"https:\/\/www.europesays.com\/pt\/wp-json\/wp\/v2\/categories?post=353579"},{"taxonomy":"post_tag","embeddable":true,"href":"https:\/\/www.europesays.com\/pt\/wp-json\/wp\/v2\/tags?post=353579"}],"curies":[{"name":"wp","href":"https:\/\/api.w.org\/{rel}","templated":true}]}}