{"id":353949,"date":"2026-04-23T04:06:13","date_gmt":"2026-04-23T04:06:13","guid":{"rendered":"https:\/\/www.europesays.com\/pt\/353949\/"},"modified":"2026-04-23T04:06:13","modified_gmt":"2026-04-23T04:06:13","slug":"espanha-andre-silva-bisa-na-vitoria-do-elche-sobre-o-atletico-madrid","status":"publish","type":"post","link":"https:\/\/www.europesays.com\/pt\/353949\/","title":{"rendered":"Espanha: Andr\u00e9 Silva bisa na vit\u00f3ria do Elche sobre o Atl\u00e9tico Madrid"},"content":{"rendered":"<p>O Elche conseguiu uma vit\u00f3ria surpreendente sobre o Atl\u00e9tico Madrid nesta quarta-feira, <strong><a href=\"https:\/\/maisfutebol.iol.pt\/jogo\/elche\/atletico-madrid\/13826874\" rel=\"nofollow noopener\" target=\"_blank\">por 3-2<\/a><\/strong>, num jogo com um portugu\u00eas em grande destaque. Andr\u00e9 Silva bisou e Martim Neto foi titular.\u00a0<\/p>\n<p>O Atl\u00e9tico Madrid chegou cedo \u00e0 vantagem, aos 10 minutos, com golo de Nico Gonz\u00e1lez. Affengruber empatou a partida aos 18 minutos e o Atl\u00e9tico ficou com a tarefa ainda mais dificultada aos 30m, quando Thiago Almada foi expulso numa jogada ins\u00f3lita.<\/p>\n<p>Agarrou um advers\u00e1rio pela camisola dentro da grande \u00e1rea contr\u00e1ria e concedeu grande penalidade. Andr\u00e9 Silva converteu-a com sucesso. Por\u00e9m, o\u00a0mesmo Nico bisou aos 34 minutos e empatou o jogo.<\/p>\n<p>O n\u00f3 s\u00f3 seria desatado aos 75 minutos, com Andr\u00e9 Silva a finalizar dentro da grande \u00e1rea de primeira. 3-2 que seria protegido at\u00e9 ao final.\u00a0<\/p>\n<p>O Elche soma tr\u00eas pontos importantes na luta pela manuten\u00e7\u00e3o, com 35 pontos reunidos, mais dois do que o 18.\u00ba classificado. O Atl\u00e9tico Madrid n\u00e3o sair\u00e1 da quarta posi\u00e7\u00e3o, com 57 pontos no bolso.\u00a0<\/p>\n","protected":false},"excerpt":{"rendered":"O Elche conseguiu uma vit\u00f3ria surpreendente sobre o Atl\u00e9tico Madrid nesta quarta-feira, por 3-2, num jogo com um&hellip;\n","protected":false},"author":2,"featured_media":353950,"comment_status":"","ping_status":"","sticky":false,"template":"","format":"standard","meta":{"footnotes":"","_share_on_mastodon":"0"},"categories":[87],"tags":[4956,3171,135,10760,640,82,13427,46,34622,32,33,47,5434,5920,134],"class_list":["post-353949","post","type-post","status-publish","format-standard","has-post-thumbnail","category-desporto","tag-andre-silva","tag-atletico-madrid","tag-desporto","tag-elche","tag-espanha","tag-internacional","tag-jogos-de-hoje","tag-maisfutebol","tag-martim-neto","tag-portugal","tag-pt","tag-pura-paixao","tag-resultados-hoje","tag-resultados-maisfutebol","tag-sports"],"share_on_mastodon":{"url":"https:\/\/pubeurope.com\/@pt\/116452051306614594","error":""},"_links":{"self":[{"href":"https:\/\/www.europesays.com\/pt\/wp-json\/wp\/v2\/posts\/353949","targetHints":{"allow":["GET"]}}],"collection":[{"href":"https:\/\/www.europesays.com\/pt\/wp-json\/wp\/v2\/posts"}],"about":[{"href":"https:\/\/www.europesays.com\/pt\/wp-json\/wp\/v2\/types\/post"}],"author":[{"embeddable":true,"href":"https:\/\/www.europesays.com\/pt\/wp-json\/wp\/v2\/users\/2"}],"replies":[{"embeddable":true,"href":"https:\/\/www.europesays.com\/pt\/wp-json\/wp\/v2\/comments?post=353949"}],"version-history":[{"count":0,"href":"https:\/\/www.europesays.com\/pt\/wp-json\/wp\/v2\/posts\/353949\/revisions"}],"wp:featuredmedia":[{"embeddable":true,"href":"https:\/\/www.europesays.com\/pt\/wp-json\/wp\/v2\/media\/353950"}],"wp:attachment":[{"href":"https:\/\/www.europesays.com\/pt\/wp-json\/wp\/v2\/media?parent=353949"}],"wp:term":[{"taxonomy":"category","embeddable":true,"href":"https:\/\/www.europesays.com\/pt\/wp-json\/wp\/v2\/categories?post=353949"},{"taxonomy":"post_tag","embeddable":true,"href":"https:\/\/www.europesays.com\/pt\/wp-json\/wp\/v2\/tags?post=353949"}],"curies":[{"name":"wp","href":"https:\/\/api.w.org\/{rel}","templated":true}]}}