{"id":35413,"date":"2025-08-19T06:32:19","date_gmt":"2025-08-19T06:32:19","guid":{"rendered":"https:\/\/www.europesays.com\/pt\/35413\/"},"modified":"2025-08-19T06:32:19","modified_gmt":"2025-08-19T06:32:19","slug":"nomeacoes-na-casa-quem-estara-a-um-passo-da-saida-da-casa-mais-vigiada-do-pais-tvi","status":"publish","type":"post","link":"https:\/\/www.europesays.com\/pt\/35413\/","title":{"rendered":"Nomea\u00e7\u00f5es na casa: Quem estar\u00e1 a um passo da sa\u00edda da casa mais vigiada do Pa\u00eds? &#8211; TVI"},"content":{"rendered":"<ol>\n<li><a href=\"https:\/\/news.google.com\/rss\/articles\/CBMi1wFBVV95cUxNQkZzbW82OXZ0ODlCR3ZPUHdaOEVkZEl6NlFvVndIOWYwSzhNY2lYcnNycXRFd1BycXZ3QldTQmtGa3dLNDZ5cmxMVEQ3UUo1UUxZcWl3MUk4ckg1R2pLMlU2Z19HRVJOakROSUdIRGtyMEVGYks2ck9BWGc4ci14TWtTaVYwNnNrUl9XeWtqa1RkQ2RRLWFuM3BHX0FNWlRVUXd1WG1HVl9iZEhNMlhBU0g4NUNqeXhORFQtYmJTV3dDVFhCN2VZUHZNa0ZQZFBEaWZYekpUbw?oc=5\" target=\"_blank\" rel=\"nofollow noopener\">Nomea\u00e7\u00f5es na casa: Quem estar\u00e1 a um passo da sa\u00edda da casa mais vigiada do Pa\u00eds?<\/a>&nbsp;&nbsp;TVI<\/li>\n<li><a href=\"https:\/\/news.google.com\/rss\/articles\/CBMipAFBVV95cUxNRktoeG85ZlVHLXZUemtRT0NtS2syMWlKOFhLNmxGb2s1N0NNLXhGTDdrcmc5UlZ1cTM4d09neUQ3NVdTRXZPTFN4VUdRc3NRNDhDRFhtT0ZlTThjUktqSjV0aTAwYzJQNk9YMVFBbGNkaEdNRlJIcW9vNll0Q2swT3hmVEZZUjhJb2tzaFdfdmdXQUtWUjJrZkM5dWJPbEN0RU5sdw?oc=5\" target=\"_blank\" rel=\"nofollow noopener\">Big Brother Ver\u00e3o: Daniela Santos surpreende concorrentes com mensagens enigm\u00e1ticas<\/a>&nbsp;&nbsp;infocul.pt<\/li>\n<li><a href=\"https:\/\/news.google.com\/rss\/articles\/CBMigwJBVV95cUxOOE15TEhVbTRtLXkwNElKYkVJQjEwVTB4R3lEZEQxZ21HaV96TWtCN0ltX0lmaVdrMnVEZGZsc2V5emo1T1F4YjJvLWdjeGxjNml2aVl4dUpMRmd0akRZbnhPbVJQWmpnRlB5M1NtU2ZETmh3S3Rwa19kNVNaNWI0VFc1Z2taWXY5R0tZNVFWaFI3RlNqSjVKeWNRSk1hZGNoMG1oa3N4dWZfTGVsVnlScTF6NTJCVTN1a0hWSFJMWEpRMi1sbG9GQ0xmaE5oaDh5RzBlMzh2TElUN1hqTUJ5aUxzSGRhT1F1LTZmenJQNEtvcXpTcVpybGllZzJoUkJEam1z?oc=5\" target=\"_blank\" rel=\"nofollow noopener\">Os olhares n\u00e3o mentem. Presen\u00e7a na casa causa desconforto \u00e0 dupla Afonso Leit\u00e3o e Catarina Miranda<\/a>&nbsp;&nbsp;MSN<\/li>\n<li><a href=\"https:\/\/news.google.com\/rss\/articles\/CBMiywFBVV95cUxQbms5TzY3ZDRUenJ5ZzZmQ2NTOGkyeksyU2lfTVFyTHZBVVVPclB6OUNjNHVlcHpEQmdwSUJuZWlXdXpsX3BZZ2lobnFETVZjclZRR2x5eHVvdzEtb3lYTkF3V3RSS2JkYnN6Mjh3RDRuNkFzbVVjaC16OThjT3BnSGdrdzQ5VUdLa0s1aDRINWRKZVNvUXBaYzBNVjZMYTlTeFEyQUI4eVdZbXFILVYxNzV1NkUyeXF5dkxtMWl2eklUWXNZWV9hYnE0RQ?oc=5\" target=\"_blank\" rel=\"nofollow noopener\">A m\u00e1scara caiu? J\u00e9ssica Viera revela o ponto fraco de Catarina Miranda<\/a>&nbsp;&nbsp;TVI<\/li>\n<li><a href=\"https:\/\/news.google.com\/rss\/articles\/CBMioAFBVV95cUxQb01hUHQ5LTBUbUxHNFVNMFQyZW11UVNlTl83OEpRTVpUNjZaWGNZUGVmSVcyNkIzTDd6VUp6NVdSQmdMUlE1RzdYMGx5bXZtZnpGTC1vS0trQlM5TERRMUN1Und2S3VQVnFTTjYtMUhSNUdsSVdiWUVXWlFyeWdlYkVYdkFZMkZOZlh5R2FmQlk3ZWk5WkF3QS1GMk01TVNR?oc=5\" target=\"_blank\" rel=\"nofollow noopener\">Daniela Santos responde a cr\u00edticas ap\u00f3s visita ao Big Brother: \u201cParem de inventar\u201d<\/a>&nbsp;&nbsp;infocul.pt<\/li>\n<\/ol>\n","protected":false},"excerpt":{"rendered":"Nomea\u00e7\u00f5es na casa: Quem estar\u00e1 a um passo da sa\u00edda da casa mais vigiada do Pa\u00eds?&nbsp;&nbsp;TVI Big Brother&hellip;\n","protected":false},"author":2,"featured_media":35414,"comment_status":"","ping_status":"","sticky":false,"template":"","format":"standard","meta":{"footnotes":""},"categories":[142],"tags":[331,48,329,333,328,335,336,114,115,334,332,330,13,32,33,151,162,227],"class_list":{"0":"post-35413","1":"post","2":"type-post","3":"status-publish","4":"format-standard","5":"has-post-thumbnail","7":"category-tv","8":"tag-big","9":"tag-big-brother","10":"tag-claudio-ramos","11":"tag-comentadores","12":"tag-concorrentes","13":"tag-confrontos","14":"tag-discussoes","15":"tag-entertainment","16":"tag-entretenimento","17":"tag-exclusivos","18":"tag-expulso","19":"tag-gala","20":"tag-noticias","21":"tag-portugal","22":"tag-pt","23":"tag-tv","24":"tag-tvi","25":"tag-videos"},"share_on_mastodon":{"url":"","error":""},"_links":{"self":[{"href":"https:\/\/www.europesays.com\/pt\/wp-json\/wp\/v2\/posts\/35413","targetHints":{"allow":["GET"]}}],"collection":[{"href":"https:\/\/www.europesays.com\/pt\/wp-json\/wp\/v2\/posts"}],"about":[{"href":"https:\/\/www.europesays.com\/pt\/wp-json\/wp\/v2\/types\/post"}],"author":[{"embeddable":true,"href":"https:\/\/www.europesays.com\/pt\/wp-json\/wp\/v2\/users\/2"}],"replies":[{"embeddable":true,"href":"https:\/\/www.europesays.com\/pt\/wp-json\/wp\/v2\/comments?post=35413"}],"version-history":[{"count":0,"href":"https:\/\/www.europesays.com\/pt\/wp-json\/wp\/v2\/posts\/35413\/revisions"}],"wp:featuredmedia":[{"embeddable":true,"href":"https:\/\/www.europesays.com\/pt\/wp-json\/wp\/v2\/media\/35414"}],"wp:attachment":[{"href":"https:\/\/www.europesays.com\/pt\/wp-json\/wp\/v2\/media?parent=35413"}],"wp:term":[{"taxonomy":"category","embeddable":true,"href":"https:\/\/www.europesays.com\/pt\/wp-json\/wp\/v2\/categories?post=35413"},{"taxonomy":"post_tag","embeddable":true,"href":"https:\/\/www.europesays.com\/pt\/wp-json\/wp\/v2\/tags?post=35413"}],"curies":[{"name":"wp","href":"https:\/\/api.w.org\/{rel}","templated":true}]}}