{"id":354231,"date":"2026-04-23T10:57:21","date_gmt":"2026-04-23T10:57:21","guid":{"rendered":"https:\/\/www.europesays.com\/pt\/354231\/"},"modified":"2026-04-23T10:57:21","modified_gmt":"2026-04-23T10:57:21","slug":"jon-favreau-reage-ao-retorno-de-robert-downey-jr-ao-mcu","status":"publish","type":"post","link":"https:\/\/www.europesays.com\/pt\/354231\/","title":{"rendered":"Jon Favreau reage ao retorno de Robert Downey Jr. ao MCU"},"content":{"rendered":"<p class=\"wp-block-yoast-seo-estimated-reading-time yoast-reading-time__wrapper\">Estimated reading time: 2 minutos<\/p>\n<p>O diretor <a href=\"https:\/\/ovicio.com.br\/tag\/jon-favreau\/\" rel=\"nofollow noopener\" target=\"_blank\">Jon Favreau<\/a> (Homem de Ferro) comentou sobre a escala\u00e7\u00e3o do ator <a href=\"https:\/\/ovicio.com.br\/tag\/robert-downey-jr-2\/\" rel=\"nofollow noopener\" target=\"_blank\">Robert Downey Jr.<\/a> como o vil\u00e3o <strong>Doutor Destino<\/strong> nos cinemas. Durante a sua participa\u00e7\u00e3o no programa <strong>Jimmy Kimmel Live<\/strong>, o cineasta expressou entusiasmo com a nova fase do colega no <a href=\"https:\/\/ovicio.com.br\/tag\/marvel-studios\/\" rel=\"nofollow noopener\" target=\"_blank\">MCU<\/a>.<\/p>\n<p><strong>&#8220;E agora \u00e9 engra\u00e7ado porque ele \u00e9 o Doutor Destino. Eles pensaram: &#8216;Oh sim, n\u00f3s amamos tanto esse cara, temos que dar a ele um personagem totalmente diferente.&#8217; Eu acho que isso vai ser uma transi\u00e7\u00e3o para n\u00f3s. Estou animado para ver isso&#8221;<\/strong>, declarou Favreau.<\/p>\n<p>O diretor destacou a sua proximidade com a equipe envolvida no desenvolvimento de <strong>Vingadores: Doutor Destino<\/strong>, ressaltando a rela\u00e7\u00e3o duradoura com <strong>Kevin Feige<\/strong>, os irm\u00e3os <strong>Anthony Russo<\/strong> e <strong>Joe Russo<\/strong> e o pr\u00f3prio <strong>Robert Downey Jr<\/strong>.<\/p>\n<p>No in\u00edcio do universo compartilhado, <strong>Jon Favreau<\/strong> foi o principal respons\u00e1vel por garantir o elenco original, defendendo o nome de <strong>Robert Downey Jr.<\/strong> nos bastidores.<\/p>\n<p>O cineasta insistiu na escolha do astro para o papel de <strong>Tony Stark<\/strong> mesmo quando o artista ainda era considerado problem\u00e1tico pela ind\u00fastria de Hollywood.<\/p>\n<p>Al\u00e9m de assinar a dire\u00e7\u00e3o dos dois primeiros projetos da saga <strong>Homem de Ferro<\/strong>, Favreau tamb\u00e9m interpreta o personagem <strong>Happy Hogan<\/strong> na franquia.<\/p>\n<p>Atualmente, o cineasta promove o filme <strong>Star Wars: O Mandaloriano e Grogu<\/strong>, seu novo projeto como diretor, que estreia nos cinemas do Brasil no dia 21 de maio.<\/p>\n<p>A estreia de <a href=\"https:\/\/ovicio.com.br\/tag\/vingadores-doutor-destino\/\" rel=\"nofollow noopener\" target=\"_blank\">Vingadores: Doutor Destino<\/a> acontecer\u00e1 nas telonas brasileiras no dia 17 de dezembro.<\/p>\n<p>Leia tamb\u00e9m sobre o MCU:<\/p>\n","protected":false},"excerpt":{"rendered":"Estimated reading time: 2 minutos O diretor Jon Favreau (Homem de Ferro) comentou sobre a escala\u00e7\u00e3o do ator&hellip;\n","protected":false},"author":2,"featured_media":354232,"comment_status":"","ping_status":"","sticky":false,"template":"","format":"standard","meta":{"footnotes":"","_share_on_mastodon":"0"},"categories":[145],"tags":[211,210,30690,114,115,9473,28434,12733,11189,32,33,13306,38893],"class_list":["post-354231","post","type-post","status-publish","format-standard","has-post-thumbnail","category-celebridades","tag-celebridades","tag-celebrities","tag-doutor-destino","tag-entertainment","tag-entretenimento","tag-homem-de-ferro","tag-jon-favreau","tag-marvel-studios","tag-mcu","tag-portugal","tag-pt","tag-robert-downey-jr","tag-vingadores-doutor-destino"],"share_on_mastodon":{"url":"https:\/\/pubeurope.com\/@pt\/116453667413023495","error":""},"_links":{"self":[{"href":"https:\/\/www.europesays.com\/pt\/wp-json\/wp\/v2\/posts\/354231","targetHints":{"allow":["GET"]}}],"collection":[{"href":"https:\/\/www.europesays.com\/pt\/wp-json\/wp\/v2\/posts"}],"about":[{"href":"https:\/\/www.europesays.com\/pt\/wp-json\/wp\/v2\/types\/post"}],"author":[{"embeddable":true,"href":"https:\/\/www.europesays.com\/pt\/wp-json\/wp\/v2\/users\/2"}],"replies":[{"embeddable":true,"href":"https:\/\/www.europesays.com\/pt\/wp-json\/wp\/v2\/comments?post=354231"}],"version-history":[{"count":0,"href":"https:\/\/www.europesays.com\/pt\/wp-json\/wp\/v2\/posts\/354231\/revisions"}],"wp:featuredmedia":[{"embeddable":true,"href":"https:\/\/www.europesays.com\/pt\/wp-json\/wp\/v2\/media\/354232"}],"wp:attachment":[{"href":"https:\/\/www.europesays.com\/pt\/wp-json\/wp\/v2\/media?parent=354231"}],"wp:term":[{"taxonomy":"category","embeddable":true,"href":"https:\/\/www.europesays.com\/pt\/wp-json\/wp\/v2\/categories?post=354231"},{"taxonomy":"post_tag","embeddable":true,"href":"https:\/\/www.europesays.com\/pt\/wp-json\/wp\/v2\/tags?post=354231"}],"curies":[{"name":"wp","href":"https:\/\/api.w.org\/{rel}","templated":true}]}}