{"id":35426,"date":"2025-08-19T06:41:23","date_gmt":"2025-08-19T06:41:23","guid":{"rendered":"https:\/\/www.europesays.com\/pt\/35426\/"},"modified":"2025-08-19T06:41:23","modified_gmt":"2025-08-19T06:41:23","slug":"o-que-falhou-na-tragedia-em-mirandela","status":"publish","type":"post","link":"https:\/\/www.europesays.com\/pt\/35426\/","title":{"rendered":"o que falhou na trag\u00e9dia em Mirandela"},"content":{"rendered":"<p class=\"wp-caption-text top\">Estela Silva \/ LUSA<\/p>\n<p><img decoding=\"async\" loading=\"lazy\" class=\"size-kopa-image-size-3 wp-image-695189\" src=\"https:\/\/www.europesays.com\/pt\/wp-content\/uploads\/2025\/08\/0fa05b687cbfc411124ea1b3c7ff3269-783x450.jpg\" alt=\"\" width=\"700\" height=\"402\"  \/><\/p>\n<p class=\"wp-caption-text bot\">Camas retiradas do lar da Santa Casa da Miseric\u00f3rdia de Mirandela<\/p>\n<p><strong>Havia tr\u00eas funcion\u00e1rias no lar no momento do inc\u00eandio \u2013 a lei exige mais. Pol\u00edcia est\u00e1 a investigar, Seguran\u00e7a Social abre processo.<\/strong><\/p>\n<p>Al\u00e9m dos fogos na floresta, um outro tipo de <strong>inc\u00eandio<\/strong> abalou o pa\u00eds neste fim-de-semana: <strong>seis idosos morreram<\/strong> num lar da Santa Casa da Miseric\u00f3rdia, em <a href=\"https:\/\/zap.aeiou.pt\/seis-mortos-incendio-lar-mirandela-695113\" data-wpel-link=\"internal\" rel=\"nofollow noopener\" target=\"_blank\">Mirandela<\/a>.<\/p>\n<p>Num primeiro momento, o provedor Ad\u00e9rito Gomes revelou que as chamas come\u00e7aram num <strong>\u201ccolch\u00e3o anti-escaras\u201d,<\/strong> num quarto com tr\u00eas utentes, que acabaram por morrer. Outros tr\u00eas, devido \u00e0 inala\u00e7\u00e3o de fumo e a problemas respirat\u00f3rios, tamb\u00e9m n\u00e3o conseguiram resistir.<\/p>\n<p>O <a href=\"https:\/\/www.jn.pt\/pais\/artigo\/alarme-e-extintores-nao-funcionaram-na-tragedia-de-mirandela\/17858834\" data-wpel-link=\"external\" target=\"_blank\" rel=\"nofollow external noopener noreferrer\" class=\"ext-link\">Jornal de Not\u00edcias<\/a> d\u00e1 entretanto mais detalhes: o colch\u00e3o, <strong>el\u00e9ctrico,<\/strong> ter\u00e1 mesmo iniciado o fogo, gra\u00e7as a um <strong>curto-circuito.<\/strong> Nesse colch\u00e3o estava a dormir um dos idosos falecidos.<\/p>\n<p>Mas houve outros problemas. O Instituto da Seguran\u00e7a Social assegura que o edif\u00edcio \u201ccumpre o plano de seguran\u00e7a\u201d, mas Ad\u00e9rito Gomes admitiu que os<strong> alarmes, os detectores de fumo, n\u00e3o funcionaram.<\/strong><\/p>\n<p>Al\u00e9m disso, os vizinhos que foram ao local para ajudar as v\u00edtimas denunciaram falhas nos <strong>extintores:<\/strong> \u201cTentei utilizar tr\u00eas, mas s\u00f3 um \u00e9 que funcionou\u201d, conta o morador Paulo Pereira. O provedor Ad\u00e9rito Gomes garantiu que os extintores estavam a funcionar e foram carregados nos prazos previstos e obrigat\u00f3rios.<\/p>\n<p>E havia<strong> tr\u00eas funcion\u00e1rias<\/strong> a trabalhar no momento do inc\u00eandio \u2013 e a<strong> lei exige mais<\/strong>: um ajudante por cada 20 residentes. O lar tinha 89 pessoas, por isso teria de haver pelo menos <strong>cinco pessoas<\/strong> a trabalhar em simult\u00e2neo.<\/p>\n<p>Essas tr\u00eas funcion\u00e1rias entraram no quarto onde o fogo come\u00e7ou, mas nada conseguiram fazer. Os tr\u00eas utentes que dormiam nesse quarto morreram rapidamente, tr\u00eas de quartos pr\u00f3ximos morreram por <strong>asfixia.<\/strong> As chamas chegaram ao andar superior do edif\u00edcio.<\/p>\n<p>25 idosos ficaram <strong>feridos,<\/strong> cinco deles com gravidade, sobretudo devido \u00e0 inala\u00e7\u00e3o de fumo.<\/p>\n<p>A <strong>Pol\u00edcia Judici\u00e1ria<\/strong> come\u00e7ou rapidamente a investigar o caso. O<strong> Instituto da Seguran\u00e7a Social<\/strong> abriu um processo de averigua\u00e7\u00e3o.<\/p>\n<p><strong>Lu\u00eds Montenegro<\/strong> lamentou este desfecho: \u201cRecebi com muita consterna\u00e7\u00e3o a <strong>tr\u00e1gica not\u00edcia<\/strong> do inc\u00eandio no lar da Santa Casa da Miseric\u00f3rdia de Mirandela. Deixo sentidas condol\u00eancias aos familiares das v\u00edtimas mortais e votos de r\u00e1pida recupera\u00e7\u00e3o a todos os feridos. Agrade\u00e7o tamb\u00e9m o grande trabalho de todos os que evitaram maiores propor\u00e7\u00f5es ao incidente\u201d, <a href=\"https:\/\/x.com\/LMontenegro_PT\/status\/1956734275014808044\" data-wpel-link=\"external\" target=\"_blank\" rel=\"nofollow external noopener noreferrer\" class=\"ext-link\">escreveu<\/a> o primeiro-ministro.<\/p>\n<p>A C\u00e2mara Municipal de Mirandela decretou<strong> tr\u00eas dias de luto<\/strong>.<\/p>\n<p>    <a href=\"https:\/\/zap.aeiou.pt\/subscrever-newsletter\" data-wpel-link=\"internal\" rel=\"nofollow noopener\" target=\"_blank\">&#13;<br \/>\n        <img loading=\"lazy\" decoding=\"async\" class=\"aligncenter size-full wp-image-575475\" src=\"https:\/\/www.europesays.com\/pt\/wp-content\/uploads\/2025\/08\/1755434168_358_2d51fe4a0ba54894421ead1809309ed9-1-450x140.jpg\" alt=\"Subscreva a Newsletter ZAP\" width=\"450\" height=\"140\"\/>&#13;<br \/>\n    <\/a><\/p>\n<p>                <a href=\"https:\/\/whatsapp.com\/channel\/0029VaIC4EE2f3EJZPPSbR34\" data-wpel-link=\"external\" target=\"_blank\" rel=\"nofollow external noopener noreferrer\" class=\"ext-link\">&#13;<br \/>\n                    <img loading=\"lazy\" decoding=\"async\" class=\"aligncenter size-full wp-image-575475\" src=\"https:\/\/www.europesays.com\/pt\/wp-content\/uploads\/2025\/08\/1755434169_968_c68c559d956d4ca20f435ed74a6e71e6.png\" alt=\"Siga-nos no WhatsApp\" width=\"175\" height=\"64\"\/>&#13;<br \/>\n                <\/a><\/p>\n<p>                <a href=\"https:\/\/news.google.com\/publications\/CAAiEHRwZondIV71PDjWNoqMduEqFAgKIhB0cGaJ3SFe9Tw41jaKjHbh?hl=en-US&amp;gl=US&amp;ceid=US%3Aen\" data-wpel-link=\"external\" target=\"_blank\" rel=\"nofollow external noopener noreferrer\" class=\"ext-link\">&#13;<br \/>\n                    <img loading=\"lazy\" decoding=\"async\" class=\"aligncenter size-full wp-image-575475\" src=\"https:\/\/www.europesays.com\/pt\/wp-content\/uploads\/2025\/08\/1755434170_730_5123dd8b087b644fdb8f8603acd1bad4.png\" alt=\"Siga-nos no Google News\" width=\"176\" height=\"64\"\/>&#13;<br \/>\n                <\/a><\/p>\n","protected":false},"excerpt":{"rendered":"Estela Silva \/ LUSA Camas retiradas do lar da Santa Casa da Miseric\u00f3rdia de Mirandela Havia tr\u00eas funcion\u00e1rias&hellip;\n","protected":false},"author":2,"featured_media":35427,"comment_status":"","ping_status":"","sticky":false,"template":"","format":"standard","meta":{"footnotes":""},"categories":[10],"tags":[27,28,269,15,16,14,625,25,26,21,22,7264,12,13,19,20,32,23,24,33,915,17,18,29,30,31],"class_list":{"0":"post-35426","1":"post","2":"type-post","3":"status-publish","4":"format-standard","5":"has-post-thumbnail","7":"category-portugal","8":"tag-breaking-news","9":"tag-breakingnews","10":"tag-capa","11":"tag-featured-news","12":"tag-featurednews","13":"tag-headlines","14":"tag-incendio","15":"tag-latest-news","16":"tag-latestnews","17":"tag-main-news","18":"tag-mainnews","19":"tag-mirandela","20":"tag-news","21":"tag-noticias","22":"tag-noticias-principais","23":"tag-noticiasprincipais","24":"tag-portugal","25":"tag-principais-noticias","26":"tag-principaisnoticias","27":"tag-pt","28":"tag-seguranca-social","29":"tag-top-stories","30":"tag-topstories","31":"tag-ultimas","32":"tag-ultimas-noticias","33":"tag-ultimasnoticias"},"share_on_mastodon":{"url":"","error":""},"_links":{"self":[{"href":"https:\/\/www.europesays.com\/pt\/wp-json\/wp\/v2\/posts\/35426","targetHints":{"allow":["GET"]}}],"collection":[{"href":"https:\/\/www.europesays.com\/pt\/wp-json\/wp\/v2\/posts"}],"about":[{"href":"https:\/\/www.europesays.com\/pt\/wp-json\/wp\/v2\/types\/post"}],"author":[{"embeddable":true,"href":"https:\/\/www.europesays.com\/pt\/wp-json\/wp\/v2\/users\/2"}],"replies":[{"embeddable":true,"href":"https:\/\/www.europesays.com\/pt\/wp-json\/wp\/v2\/comments?post=35426"}],"version-history":[{"count":0,"href":"https:\/\/www.europesays.com\/pt\/wp-json\/wp\/v2\/posts\/35426\/revisions"}],"wp:featuredmedia":[{"embeddable":true,"href":"https:\/\/www.europesays.com\/pt\/wp-json\/wp\/v2\/media\/35427"}],"wp:attachment":[{"href":"https:\/\/www.europesays.com\/pt\/wp-json\/wp\/v2\/media?parent=35426"}],"wp:term":[{"taxonomy":"category","embeddable":true,"href":"https:\/\/www.europesays.com\/pt\/wp-json\/wp\/v2\/categories?post=35426"},{"taxonomy":"post_tag","embeddable":true,"href":"https:\/\/www.europesays.com\/pt\/wp-json\/wp\/v2\/tags?post=35426"}],"curies":[{"name":"wp","href":"https:\/\/api.w.org\/{rel}","templated":true}]}}