{"id":35439,"date":"2025-08-19T06:53:27","date_gmt":"2025-08-19T06:53:27","guid":{"rendered":"https:\/\/www.europesays.com\/pt\/35439\/"},"modified":"2025-08-19T06:53:27","modified_gmt":"2025-08-19T06:53:27","slug":"entrevista-pedro-santos-somos-um-sucesso-diferente-do-resto-da-europa-e-temos-um-maior-peso-no-mercado-de-tv-negocios","status":"publish","type":"post","link":"https:\/\/www.europesays.com\/pt\/35439\/","title":{"rendered":"Entrevista Pedro Santos: \u201cSomos um sucesso diferente do resto da Europa e temos um maior peso no mercado de TV\u201d &#8211; Neg\u00f3cios"},"content":{"rendered":"<p>A preparar-se para mais uma onda de novidades a apresentar na IFA, que decorre em setembro em Berlim, <strong>a Hisense tem somado bons resultados em Portugal, com quotas de mercado em TV que est\u00e3o acima das registadas noutros pa\u00edses da Europa e que ajudam a impulsionar os n\u00fameros do neg\u00f3cio<\/strong>. Em entrevista ao TEK Not\u00edcias, Pedro Santos, diretor da Hisense Portugal, confirma que a fatura\u00e7\u00e3o est\u00e1 a crescer a um bom ritmo e \u00e9 tamb\u00e9m acompanhada pelo crescimento da equipa, que j\u00e1 soma 28 pessoas no escrit\u00f3rio portugu\u00eas.<\/p>\n<p><strong>Em 2024 a empresa cresceu 35% em Portugal, com uma fatura\u00e7\u00e3o de 45 milh\u00f5es de euros, um registo que se mant\u00e9m no primeiro semestre e ajuda a definir expectativas de crescimento de 30 a 35% para 2025, como adianta Pedro Santos<\/strong>.<\/p>\n<blockquote><p>\u201cTemos feito em Portugal um grande percurso, baseado na inova\u00e7\u00e3o em TV de grande formato e Laser TV mas tamb\u00e9m em eletrodom\u00e9sticos, uma \u00e1rea que tem crescido muito nos \u00faltimos meses e que recuperou das quebras da pandemia de COVID-19, assim como em Ar Condicionado\u201d, explica Pedro Santos.<\/p><\/blockquote>\n<p>A aposta em miniLED tem trazido benef\u00edcios e a Hisense \u00e9 n\u00famero um em Portugal e na Europa, explorando os benef\u00edcios da tecnologia que permite grandes formatos, com qualidade de imagem 4K. \u201c<strong>Vamos continuar a desenvolver esta tecnologia que tem vantagens em grandes formatos e trazer mais upgrades no futuro<\/strong>\u201d, sublinha Pedro Santos, destacando os pr\u00f3ximos lan\u00e7amentos na IFA com <strong>o RGB miniLED, onde a Hisense \u00e9 pioneira, posicionando-se como uma marca de inova\u00e7\u00e3o nessa \u00e1rea.<\/strong><\/p>\n<p>Os grandes formatos s\u00e3o uma das tend\u00eancias de crescimento no mercado e a Hisense lidera nos formatos de mais de 100 polegadas. Em 2024 a empresa garantiu uma quota de 15% de mercado em TV, sendo a segunda marca de TV mais vendida em todo o mundo h\u00e1 tr\u00eas anos consecutivos. <strong>No \u00faltimo trimestre os dados da GfK confirmam tamb\u00e9m que a Hisense lidera nos formatos a partir de 98 polegadas em Portugal.<\/strong><\/p>\n<p>Pedro Santos adianta que Portugal se destaca no posicionamento no mercado de TV. \u201cSomos um sucesso diferente do resto da Europa e temos um maior peso no mercado de TV [\u2026] nas \u00faltimas duas semanas fomos n\u00famero 1 em vendas, em quantidade, segundo os n\u00fameros da GfK\u201d, explica.<\/p>\n<p>  <a href=\"https:\/\/mb.web.sapo.io\/eb6d877359493eec9b17301aacdb5604f88795bd.jpg\" title=\"Hisense 136 MX MicroLED\" data-ps-trigger=\"\" data-index=\"1\" data-ps-single-photo=\"true\" target=\"_blank\" rel=\"nofollow noopener\">  Hisense 136 MX MicroLED<\/p>\n<p>Hisense 136 MX MicroLED<\/p>\n<p>cr\u00e9ditos: Hisense<\/p>\n<p>&#8221; data-title=&#8221;Hisense 136 MX MicroLED &#8211; Entrevista Pedro Santos: \u201cSomos um sucesso diferente do resto da Europa e temos um maior peso no mercado de TV\u201d &#8211; Tek Not\u00edcias&#8221;&gt;                <img decoding=\"async\" src=\"https:\/\/www.europesays.com\/pt\/wp-content\/uploads\/2025\/08\/1755586402_635_Q=.jpeg\" alt=\"Hisense 136 MX MicroLED\" title=\"Hisense 136 MX MicroLED\"\/>   <\/a>     Hisense 136 MX MicroLED   Hisense 136 MX MicroLED   cr\u00e9ditos: Hisense<br \/>\n<strong>Refor\u00e7o da posi\u00e7\u00e3o em Portugal<\/strong><\/p>\n<p>O posicionamento da Hisense em Portugal tamb\u00e9m garantiu o refor\u00e7o da equipa e a consolida\u00e7\u00e3o na estrutura da empresa. <strong>Atualmente a Hisense tem um General Manager Ib\u00e9rico mas Pedro Santos diz que o escrit\u00f3rio est\u00e1 a fazer um caminho inverso ao da concorr\u00eancia, que \u00e9 cada vez mais ib\u00e9rica enquanto a empresa est\u00e1 a refor\u00e7ar a estrutura em Portugal.<\/strong><\/p>\n<p>\u201cTer uma equipa pr\u00f3pria no mercado portugu\u00eas tem benef\u00edcios a longo prazo. Os mercados e os clientes s\u00e3o diferentes em Espanha e em Portugal e \u00e9 importante ter uma equipa e produtos dedicados\u201d .<\/p>\n<p>Pedro Santos adianta mesmo ao TEK Not\u00edcias que \u201c<strong>a breve trecho deixaremos de ser uma sucursal e passaremos a ser uma subsidi\u00e1ria, n\u00e3o s\u00f3 pelo n\u00edvel de fatura\u00e7\u00e3o que tem vindo a crescer cada vez mais mas tamb\u00e9m pela necessidade de ter os produtos para o nosso pr\u00f3prio mercado\u201d.<\/strong><\/p>\n<p><strong>Impulso do miniLED e Laser TV<\/strong><\/p>\n<p><strong>A tecnologia aliada aos patroc\u00ednios de grandes eventos desportivos, como o recente Mundial de Clubes da FIFA 2025, t\u00eam sido elementos relevantes para o crescimento da posi\u00e7\u00e3o da Hisense no mercado de TV.<\/strong> \u201cSomos uma marca que ouve o que os clientes procuram, com formatos de grande dimens\u00e3o, qualidade de imagem com cores e contraste, upscaling de sinal e taxas elevadas de varrimento ideais para gaming\u201d. \u00a0<strong>A gama <a href=\"https:\/\/tek.sapo.pt\/noticias\/computadores\/artigos\/nova-linha-de-televisores-da-hisense-afinada-pela-devialet-para-qualidade-sonora-mais-imersiva\" target=\"_blank\" rel=\"noopener noreferrer nofollow\">ULED MiniLED da s\u00e9rie U7Q de 100 polegadas<\/a> \u00e9 um dos exemplos de qualidade de imagem com elevado n\u00edvel de nitidez e modo de jogo ultra a 165Hz.\u00a0<\/strong><\/p>\n<p><strong>Veja a galeria do modelo Hisense U7Q Pro<\/strong><\/p>\n<p>Para o diretor da Hisense em Portugal, a tecnologia miniLED d\u00e1 resposta nestas \u00e1reas e a tend\u00eancia para a redu\u00e7\u00e3o de pre\u00e7os tamb\u00e9m tem sido um dos fatores impulsionadores de vendas.<strong> \u201cHoje \u00e9 poss\u00edvel comprar uma TV de 100 polegadas miniLED por cerca de 2.500 euros quando h\u00e1 pouco tempo o pre\u00e7o estava fixado nos 10 mil euros\u201d.<\/strong><\/p>\n<p>Apesar do maior volume de vendas estar nas 43 polegadas, e tamanhos inferiores, com mais de 60% de todas as TVs vendidas, este mercado est\u00e1 a cair e <strong>\u00e9 nos tamanhos maiores, de 55, 65 e 75 polegadas que se regista maios crescimento<\/strong>. Aqui a Hisense tem tamb\u00e9m a tecnologia de Laser TV que pode chegar a uma imagem de 120 polegadas projetada a menos de 20 cm de uma tela.<\/p>\n<p>Para al\u00e9m dos projetores fixos a empresa tem tamb\u00e9m os modelos port\u00e1teis, como o <a href=\"https:\/\/tek.sapo.pt\/noticias\/computadores\/artigos\/cinema-em-casa-e-imagem-superior-no-gaming-com-o-mini-projetor-laser-cinema-c2-da-hisense\" target=\"_blank\" rel=\"noopener noreferrer nofollow\">Mini Projetor Laser Cinema C2<\/a>\u00a0 que consegue projetar um ecr\u00e3 de 300 polegadas, ou o M2 Pro que deve chegar em breve ao mercado portugu\u00eas.<\/p>\n<p><strong>Veja as imagens do Mini Projetor Laser Cinema C2\u00a0<\/strong><\/p>\n<p>\u201c<strong>Na China, 20% do mercado de TV j\u00e1 \u00e9 de projetores e o n\u00famero est\u00e1 a crescer rapidamente\u201d, afirma Pedro Santos<\/strong>, admitindo que na Europa as percentagens s\u00e3o ainda muito reduzidas e que os consumidores ainda n\u00e3o perceberam as vantagens destes produtos. \u201c\u00c9 dif\u00edcil demonstrar no retalho\u201d, explica, dizendo por\u00e9m que os retalhistas est\u00e3o atentos e que h\u00e1 projetos para desenvolver \u00e1reas de exposi\u00e7\u00e3o dedicadas nas lojas.<\/p>\n<p>NA IFA, que decorre em Berlim entre os dias 5 e 9 de setembro, a<strong> Hisense vai tamb\u00e9m revelar o seu primeiro televisor com tecnologia RGB MiniLED, com um ecr\u00e3 de 116 polegadas<\/strong> que tira partido da inova\u00e7\u00e3o em que a marca \u00e9 pioneira e da capacidade de processamento de IA para imagem e \u00e1udio, com VRR nativo de 165 Hz para gaming.<\/p>\n<p>  <a href=\"https:\/\/mb.web.sapo.io\/4f403edd64ab75568d9fe10a8de387856700ffc1.jpg\" title=\"Hisense RGB miniLED\" data-ps-trigger=\"\" data-index=\"1\" data-ps-single-photo=\"true\" target=\"_blank\" rel=\"nofollow noopener\">  Hisense RGB miniLED<\/p>\n<p>cr\u00e9ditos: Hisense<\/p>\n<p>&#8221; data-title=&#8221;Hisense RGB miniLED &#8211; Entrevista Pedro Santos: \u201cSomos um sucesso diferente do resto da Europa e temos um maior peso no mercado de TV\u201d &#8211; Tek Not\u00edcias&#8221;&gt;                <img decoding=\"async\" src=\"https:\/\/www.europesays.com\/pt\/wp-content\/uploads\/2025\/08\/atDRcJwhTUzzqals8in8sQ1YrMntRMrzyxp+IZg4VSiPwdk=.jpeg\" alt=\"Hisense RGB miniLED\" title=\"Hisense RGB miniLED\"\/>   <\/a>     Hisense RGB miniLED    cr\u00e9ditos: Hisense<br \/>\n<strong>Eletrodom\u00e9sticos \u201cFit\u201d, Ar Condicionado profissional e um futuro com novas categorias<\/strong><\/p>\n<p>Para al\u00e9m das TVs a Hisense tem tamb\u00e9m uma posi\u00e7\u00e3o forte na \u00e1rea dos eletrodom\u00e9sticos, embora Pedro Santos reconhe\u00e7a que a marca \u00e9 mais conhecida nesta \u00e1rea noutros pa\u00edses da Europa do que em Portugal. <strong>Os frigor\u00edficos e as m\u00e1quinas de lavar roupa, em especial os modelos de encastrar com a Gama Kitchen Fit, que se ajustam \u00e0 est\u00e9tica das novas cozinhas, est\u00e3o a estimular as vendas em Portugal<\/strong> e aqui tamb\u00e9m se destaca o investimento em design, tecnologia e inova\u00e7\u00e3o da marca.<\/p>\n<p>  <a href=\"https:\/\/mb.web.sapo.io\/7c3b9b403690bf3ba0b3f8d33eab9820136939e8.jpg\" title=\"Hisense Kitchen Fit_Ambient\" data-ps-trigger=\"\" data-index=\"1\" data-ps-single-photo=\"true\" target=\"_blank\" rel=\"nofollow noopener\">  Hisense Kitchen Fit_Ambient<\/p>\n<p>cr\u00e9ditos: Hisense<\/p>\n<p>&#8221; data-title=&#8221;Hisense Kitchen Fit_Ambient &#8211; Entrevista Pedro Santos: \u201cSomos um sucesso diferente do resto da Europa e temos um maior peso no mercado de TV\u201d &#8211; Tek Not\u00edcias&#8221;&gt;                <img decoding=\"async\" src=\"https:\/\/www.europesays.com\/pt\/wp-content\/uploads\/2025\/08\/593VAlwmQqdHLcv4=.jpeg\" alt=\"Hisense Kitchen Fit_Ambient\" title=\"Hisense Kitchen Fit_Ambient\"\/>   <\/a>     Hisense Kitchen Fit_Ambient    cr\u00e9ditos: Hisense     <\/p>\n<p>\u201c<strong>Temos tamb\u00e9m um grande investimento na conetividade e na Intelig\u00eancia Artificial com o ConnectLife que est\u00e1 integrado em todos os produtos de TV e eletrodom\u00e9sticos, incluindo o Ar Condicionado<\/strong>\u201d, explica Pedro Santos detalhando que esta funcionalidade permite ter uma casa mais inteligente sem necessidade de dom\u00f3tica.<\/p>\n<blockquote><p>\u201cPosso das a indica\u00e7\u00e3o ao forno da temperatura e tempo para cozinhar a pizza que est\u00e1 no frigorifico e receber na TV a indica\u00e7\u00e3o de que est\u00e1 pronta [\u2026] \u00e9 um novo mundo de coisas que os nossos produtos j\u00e1 conseguem fazer e d\u00e3o uma experi\u00eancia diferente ao consumidor\u201d.<\/p><\/blockquote>\n<p>  <a href=\"https:\/\/mb.web.sapo.io\/b02a592275f132be40fbab98d5795326a70da48f.png\" title=\"Meal Planner Hisense\" data-ps-trigger=\"\" data-index=\"1\" data-ps-single-photo=\"true\" target=\"_blank\" rel=\"nofollow noopener\">  Meal Planner Hisense<\/p>\n<p>cr\u00e9ditos: Hisense<\/p>\n<p>&#8221; data-title=&#8221;Meal Planner Hisense &#8211; Entrevista Pedro Santos: \u201cSomos um sucesso diferente do resto da Europa e temos um maior peso no mercado de TV\u201d &#8211; Tek Not\u00edcias&#8221;&gt;                <img decoding=\"async\" src=\"https:\/\/www.europesays.com\/pt\/wp-content\/uploads\/2025\/08\/qbBWlj7RCktoooN5cMNI=.png\" alt=\"Meal Planner Hisense\" title=\"Meal Planner Hisense\"\/>   <\/a>     Meal Planner Hisense    cr\u00e9ditos: Hisense     <\/p>\n<p><strong>Na \u00e1rea do Ar Condicionado a Hisense est\u00e1 tamb\u00e9m a crescer, mas com uma aposta mais profissional. Para isso criou no seu show room uma \u00e1rea de Academia,<\/strong> onde d\u00e1 forma\u00e7\u00e3o e certifica instaladores, apoiando os profissionais do sector e parceiros. \u201cJ\u00e1 temos v\u00e1rios hot\u00e9is, hospitais e at\u00e9 o aeroporto de Lisboa com Ar Condicionado da Hisense\u201d, sublinha, dizendo que depois desta \u00e1rea B2B vai tamb\u00e9m apostar no consumo.<\/p>\n<p><strong>No radar da empresa est\u00e1 tamb\u00e9m a entrada na \u00e1rea dos pequenos dom\u00e9sticos, que j\u00e1 s\u00e3o comercializados noutros pa\u00edses da Europa, como a \u00e1rea de aspiradores, m\u00e1quinas de caf\u00e9, de cerveja e torradeiras,<\/strong> aproveitando a experi\u00eancia da Gorenje, a fabricante eslovena que foi\u00a0 comprada pelo Grupo Hisense em 2018. Mas para j\u00e1 Pedro Santos diz que ainda n\u00e3o h\u00e1 data para esta nova categoria come\u00e7ar a ser vendida em Portugal<\/p>\n","protected":false},"excerpt":{"rendered":"A preparar-se para mais uma onda de novidades a apresentar na IFA, que decorre em setembro em Berlim,&hellip;\n","protected":false},"author":2,"featured_media":35440,"comment_status":"","ping_status":"","sticky":false,"template":"","format":"standard","meta":{"footnotes":""},"categories":[83],"tags":[88,89,90,32,33],"class_list":{"0":"post-35439","1":"post","2":"type-post","3":"status-publish","4":"format-standard","5":"has-post-thumbnail","7":"category-empresas","8":"tag-business","9":"tag-economy","10":"tag-empresas","11":"tag-portugal","12":"tag-pt"},"share_on_mastodon":{"url":"","error":""},"_links":{"self":[{"href":"https:\/\/www.europesays.com\/pt\/wp-json\/wp\/v2\/posts\/35439","targetHints":{"allow":["GET"]}}],"collection":[{"href":"https:\/\/www.europesays.com\/pt\/wp-json\/wp\/v2\/posts"}],"about":[{"href":"https:\/\/www.europesays.com\/pt\/wp-json\/wp\/v2\/types\/post"}],"author":[{"embeddable":true,"href":"https:\/\/www.europesays.com\/pt\/wp-json\/wp\/v2\/users\/2"}],"replies":[{"embeddable":true,"href":"https:\/\/www.europesays.com\/pt\/wp-json\/wp\/v2\/comments?post=35439"}],"version-history":[{"count":0,"href":"https:\/\/www.europesays.com\/pt\/wp-json\/wp\/v2\/posts\/35439\/revisions"}],"wp:featuredmedia":[{"embeddable":true,"href":"https:\/\/www.europesays.com\/pt\/wp-json\/wp\/v2\/media\/35440"}],"wp:attachment":[{"href":"https:\/\/www.europesays.com\/pt\/wp-json\/wp\/v2\/media?parent=35439"}],"wp:term":[{"taxonomy":"category","embeddable":true,"href":"https:\/\/www.europesays.com\/pt\/wp-json\/wp\/v2\/categories?post=35439"},{"taxonomy":"post_tag","embeddable":true,"href":"https:\/\/www.europesays.com\/pt\/wp-json\/wp\/v2\/tags?post=35439"}],"curies":[{"name":"wp","href":"https:\/\/api.w.org\/{rel}","templated":true}]}}