{"id":354413,"date":"2026-04-23T13:41:26","date_gmt":"2026-04-23T13:41:26","guid":{"rendered":"https:\/\/www.europesays.com\/pt\/354413\/"},"modified":"2026-04-23T13:41:26","modified_gmt":"2026-04-23T13:41:26","slug":"prefeitura-com-voce-sera-neste-sabado-no-jardim-americano","status":"publish","type":"post","link":"https:\/\/www.europesays.com\/pt\/354413\/","title":{"rendered":"Prefeitura com voc\u00ea ser\u00e1 neste s\u00e1bado no Jardim Americano"},"content":{"rendered":"<p>&#13;<br \/>\n                        <b>Paula Pessoa<\/b><br \/>&#13;<br \/>\n                Governan\u00e7a&#13;\n            <\/p>\n<p dir=\"ltr\">Colaborou a estagi\u00e1ria Mirella Ramos Ferreira<\/p>\n<p dir=\"ltr\">Neste s\u00e1bado (25), os moradores do Jardim Americano e da regi\u00e3o Leste de S\u00e3o Jos\u00e9 dos Campos receber\u00e3o o evento Prefeitura Com Voc\u00ea, tendo acesso a diversos servi\u00e7os p\u00fablicos em mais uma edi\u00e7\u00e3o.\u00a0<\/p>\n<p dir=\"ltr\">O evento ser\u00e1 realizado das 9h \u00e0s 13h, na Emefi Professor Possid\u00f4nio Salles, que fica na Rua Benedito Eras.\u00a0\u00a0<\/p>\n<p dir=\"ltr\">Os atendimentos ser\u00e3o em todas as \u00e1reas da Prefeitura, como: sa\u00fade, social, transporte, finan\u00e7as, habita\u00e7\u00e3o, esporte e cultura. A Loja Solid\u00e1ria do Fundo Social tamb\u00e9m estar\u00e1 \u00e0 disposi\u00e7\u00e3o da comunidade.<\/p>\n<p dir=\"ltr\">Entre os servi\u00e7os oferecidos, est\u00e3o a aplica\u00e7\u00e3o de v\u00e1rias vacinas, regulariza\u00e7\u00e3o fundi\u00e1ria e orienta\u00e7\u00f5es sobre cart\u00f5es de \u00f4nibus e credenciais de estacionamento.\u00a0<\/p>\n<p dir=\"ltr\">Servi\u00e7os:<\/p>\n<ul>\n<li>Vacina\u00e7\u00e3o contra gripe, COVID e HPV<\/li>\n<li>Teste r\u00e1pido (HIV, HPV, s\u00edfilis, hepatites B e C)\u00a0<\/li>\n<li>Vacina\u00e7\u00e3o antirr\u00e1bica (c\u00e3es e gatos)<\/li>\n<li>Orienta\u00e7\u00e3o sobre Cadastro \u00danico (Cad\u00danico)\u00a0<\/li>\n<li>Posto de Atendimento ao Trabalhador (PAT)\u00a0<\/li>\n<li>Qualifica S\u00e3o Jos\u00e9\u00a0<\/li>\n<li>Corte de cabelo<\/li>\n<li>Credencial de estacionamento para idoso\u00a0<\/li>\n<li>Orienta\u00e7\u00f5es sobre cart\u00e3o de \u00f4nibus e credencial de estacionamento para pessoa com defici\u00eancia\u00a0<\/li>\n<li>Cart\u00f5es de \u00f4nibus (vale-transporte, estudante, idoso)\u00a0<\/li>\n<li>Transporte adaptado<\/li>\n<li>2\u00aa via do IPTU<\/li>\n<li>Parcelamento de d\u00edvidas\u00a0<\/li>\n<li>Abertura de protocolos<\/li>\n<li>Inscri\u00e7\u00e3o no Programa Habitacional<\/li>\n<li>Rua de lazer\u00a0<\/li>\n<li>Inscri\u00e7\u00e3o pelo aplicativo S\u00e3o Jos\u00e9 Viva<\/li>\n<li>Loja Solid\u00e1ria<\/li>\n<\/ul>\n<p>&#13;<br \/>\n                    <strong>MAIS NOT\u00cdCIAS<\/strong><br \/>&#13;<br \/>\n                    <a href=\"https:\/\/www.sjc.sp.gov.br\/noticias\/?tema=8\" rel=\"nofollow noopener\" target=\"_blank\">Governan\u00e7a<\/a>&#13;\n                <\/p>\n","protected":false},"excerpt":{"rendered":"&#13; Paula Pessoa&#13; Governan\u00e7a&#13; Colaborou a estagi\u00e1ria Mirella Ramos Ferreira Neste s\u00e1bado (25), os moradores do Jardim Americano&hellip;\n","protected":false},"author":2,"featured_media":354414,"comment_status":"","ping_status":"","sticky":false,"template":"","format":"standard","meta":{"footnotes":"","_share_on_mastodon":"0"},"categories":[86],"tags":[1300,116,3048,32,3046,33,3049,117,3047],"class_list":["post-354413","post","type-post","status-publish","format-standard","has-post-thumbnail","category-saude","tag-cidade","tag-health","tag-online","tag-portugal","tag-prefeitura","tag-pt","tag-so-jos-dos-campos","tag-saude","tag-servios"],"share_on_mastodon":{"url":"https:\/\/pubeurope.com\/@pt\/116454312299779448","error":""},"_links":{"self":[{"href":"https:\/\/www.europesays.com\/pt\/wp-json\/wp\/v2\/posts\/354413","targetHints":{"allow":["GET"]}}],"collection":[{"href":"https:\/\/www.europesays.com\/pt\/wp-json\/wp\/v2\/posts"}],"about":[{"href":"https:\/\/www.europesays.com\/pt\/wp-json\/wp\/v2\/types\/post"}],"author":[{"embeddable":true,"href":"https:\/\/www.europesays.com\/pt\/wp-json\/wp\/v2\/users\/2"}],"replies":[{"embeddable":true,"href":"https:\/\/www.europesays.com\/pt\/wp-json\/wp\/v2\/comments?post=354413"}],"version-history":[{"count":0,"href":"https:\/\/www.europesays.com\/pt\/wp-json\/wp\/v2\/posts\/354413\/revisions"}],"wp:featuredmedia":[{"embeddable":true,"href":"https:\/\/www.europesays.com\/pt\/wp-json\/wp\/v2\/media\/354414"}],"wp:attachment":[{"href":"https:\/\/www.europesays.com\/pt\/wp-json\/wp\/v2\/media?parent=354413"}],"wp:term":[{"taxonomy":"category","embeddable":true,"href":"https:\/\/www.europesays.com\/pt\/wp-json\/wp\/v2\/categories?post=354413"},{"taxonomy":"post_tag","embeddable":true,"href":"https:\/\/www.europesays.com\/pt\/wp-json\/wp\/v2\/tags?post=354413"}],"curies":[{"name":"wp","href":"https:\/\/api.w.org\/{rel}","templated":true}]}}