{"id":354649,"date":"2026-04-23T16:58:11","date_gmt":"2026-04-23T16:58:11","guid":{"rendered":"https:\/\/www.europesays.com\/pt\/354649\/"},"modified":"2026-04-23T16:58:11","modified_gmt":"2026-04-23T16:58:11","slug":"luto-dylan-mostra-se-vulneravel-no-momento-da-despedida-foste-um-lutador-ate-ao-teu-ultimo-suspiro-secret-story","status":"publish","type":"post","link":"https:\/\/www.europesays.com\/pt\/354649\/","title":{"rendered":"Luto. Dylan mostra-se vulner\u00e1vel no momento da despedida: \u00abFoste um lutador at\u00e9 ao teu \u00faltimo suspiro\u00bb &#8211; Secret Story"},"content":{"rendered":"<p data-end=\"246\" data-start=\"0\">Dylan Fonte recorreu \u00e0s redes sociais para partilhar um momento de grande tristeza. O ex-concorrente revelou que o seu c\u00e3o, Brizo, morreu, deixando uma sentida homenagem no Instagram.<\/p>\n<p data-end=\"482\" data-start=\"248\">A publica\u00e7\u00e3o foi acompanhada por um v\u00eddeo emotivo do animal. Na legenda, Dylan explica que o c\u00e3o enfrentava v\u00e1rios problemas de sa\u00fade e recordou a for\u00e7a com que lutou at\u00e9 ao fim.<\/p>\n<p data-end=\"646\" data-start=\"484\">\u201c<strong data-end=\"632\" data-start=\"485\">O nosso Brizo hoje partiu \ud83e\udd0d Mas foste um lutador at\u00e9 ao teu \u00faltimo suspiro, era problema atr\u00e1s de problema e tu sempre a batalhar para viveres<\/strong>\u201d, escreveu.<\/p>\n<p data-end=\"939\" data-start=\"648\">Na mesma mensagem, destacou ainda que a fam\u00edlia fez tudo o que estava ao seu alcance para ajudar o animal a recuperar. \u201c<strong data-end=\"924\" data-start=\"784\">Quero que saibas que n\u00f3s nunca desistimos de ti, fizemos os poss\u00edveis e imposs\u00edveis para que tu ficasses bom, era tudo que n\u00f3s quer\u00edamos<\/strong>\u201d, partilhou.<\/p>\n<p data-end=\"1200\" data-start=\"941\">Contudo, Dylan explicou que chegou um momento em que foi necess\u00e1rio tomar uma decis\u00e3o dif\u00edcil, tendo em conta o sofrimento do c\u00e3o. \u201c<strong data-end=\"1185\" data-start=\"1073\">Tom\u00e1mos a decis\u00e3o mais dif\u00edcil, mas foi para o teu conforto. Viveres naquele sofrimento j\u00e1 n\u00e3o fazia sentido<\/strong>\u201d, confessou.<\/p>\n<p data-end=\"1416\" data-start=\"1202\">A homenagem termina com uma mensagem de despedida carregada de emo\u00e7\u00e3o: \u201c<strong data-end=\"1412\" data-start=\"1274\">Agora est\u00e1s num lugar melhor e nunca te vamos esquecer. Foste e continuar\u00e1s a ser parte da nossa fam\u00edlia. Descansa em paz, meu amor \ud83e\udd0d<\/strong>\u201d.<\/p>\n","protected":false},"excerpt":{"rendered":"Dylan Fonte recorreu \u00e0s redes sociais para partilhar um momento de grande tristeza. O ex-concorrente revelou que o&hellip;\n","protected":false},"author":2,"featured_media":316075,"comment_status":"","ping_status":"","sticky":false,"template":"","format":"standard","meta":{"footnotes":"","_share_on_mastodon":"0"},"categories":[142],"tags":[18706,19105,114,115,18705,32,33,151,18704],"class_list":["post-354649","post","type-post","status-publish","format-standard","has-post-thumbnail","category-tv","tag-bastidores-secret-story","tag-dylan","tag-entertainment","tag-entretenimento","tag-entrevistas-concorrentes-tvi","tag-portugal","tag-pt","tag-tv","tag-vida-fora-da-casa"],"share_on_mastodon":{"url":"https:\/\/pubeurope.com\/@pt\/116455087197128833","error":""},"_links":{"self":[{"href":"https:\/\/www.europesays.com\/pt\/wp-json\/wp\/v2\/posts\/354649","targetHints":{"allow":["GET"]}}],"collection":[{"href":"https:\/\/www.europesays.com\/pt\/wp-json\/wp\/v2\/posts"}],"about":[{"href":"https:\/\/www.europesays.com\/pt\/wp-json\/wp\/v2\/types\/post"}],"author":[{"embeddable":true,"href":"https:\/\/www.europesays.com\/pt\/wp-json\/wp\/v2\/users\/2"}],"replies":[{"embeddable":true,"href":"https:\/\/www.europesays.com\/pt\/wp-json\/wp\/v2\/comments?post=354649"}],"version-history":[{"count":0,"href":"https:\/\/www.europesays.com\/pt\/wp-json\/wp\/v2\/posts\/354649\/revisions"}],"wp:featuredmedia":[{"embeddable":true,"href":"https:\/\/www.europesays.com\/pt\/wp-json\/wp\/v2\/media\/316075"}],"wp:attachment":[{"href":"https:\/\/www.europesays.com\/pt\/wp-json\/wp\/v2\/media?parent=354649"}],"wp:term":[{"taxonomy":"category","embeddable":true,"href":"https:\/\/www.europesays.com\/pt\/wp-json\/wp\/v2\/categories?post=354649"},{"taxonomy":"post_tag","embeddable":true,"href":"https:\/\/www.europesays.com\/pt\/wp-json\/wp\/v2\/tags?post=354649"}],"curies":[{"name":"wp","href":"https:\/\/api.w.org\/{rel}","templated":true}]}}