{"id":354733,"date":"2026-04-23T18:23:38","date_gmt":"2026-04-23T18:23:38","guid":{"rendered":"https:\/\/www.europesays.com\/pt\/354733\/"},"modified":"2026-04-23T18:23:38","modified_gmt":"2026-04-23T18:23:38","slug":"bernardina-brito-novo-amor-ex-secret-story-surge-agarradinha-a-cantor-famoso-o-quanto-e-bom-beijar-a-tua-boca","status":"publish","type":"post","link":"https:\/\/www.europesays.com\/pt\/354733\/","title":{"rendered":"Bernardina Brito &#8211; Novo amor? Ex-Secret Story surge &#8216;agarradinha&#8217; a cantor famoso: &#8220;O quanto \u00e9 bom beijar a tua boca&#8221;"},"content":{"rendered":"<p data-end=\"294\" data-start=\"125\">O ano come\u00e7ou mal para<strong> Bernardina Brito<\/strong>, pois, no dia 1 de janeiro, a ex-concorrente da <strong>&#8220;Casa dos Segredos&#8221;<\/strong> anunciou <a href=\"https:\/\/www.novagente.pt\/bernardina-brito-revela-motivo-da-separacao-de-pedro-almeida-ja-nem-dividiamos-cama\" rel=\"nofollow noopener\" target=\"_blank\">a separa\u00e7\u00e3o de <strong>Pedro Almeida<\/strong><\/a>, ap\u00f3s 10 anos juntos.<\/p>\n<p data-end=\"481\" data-start=\"296\">Entretanto, a empres\u00e1ria parece j\u00e1 ter encontrado um novo amor! Nos stories do Instagram, Bibi partilhou uma fotografia ao lado do <a href=\"https:\/\/www.novagente.pt\/daniela-santos-quebra-silencio-sobre-rumores-que-ligam-maycon-douglas\" rel=\"nofollow noopener\" target=\"_blank\">famoso cantor <strong>Badoxa<\/strong><\/a>, na qual surgem muito &#8216;agarradinhos&#8217;.<\/p>\n<blockquote>\n<p data-end=\"481\" data-start=\"296\">Leia mais: <a href=\"https:\/\/www.novagente.pt\/bernardina-brito-filhos-de-envolvidos-em-agressoes-na-escola-estado-do-meu-filho\" rel=\"nofollow noopener\" target=\"_blank\">Filhos de Bernardina Brito envolvidos em &#8220;agress\u00f5es&#8221; na escola: &#8220;O estado do meu filho&#8230;&#8221;<\/a><\/p>\n<\/blockquote>\n<p>&#8220;Se soubesses o quanto \u00e9 bom, beijar a tua boca&#8230;&#8221;<\/p>\n<p data-end=\"630\" data-start=\"483\">Mais tarde, Badoxa\u00a0tamb\u00e9m partilhou outro registo com Bernardina Brito, ao som da sua m\u00fasica <strong>&#8220;Deixa o Clima Rolar&#8221;<\/strong>, que cont\u00e9m letras bastante insinuantes!<\/p>\n<p data-end=\"838\" data-start=\"632\"><strong>&#8220;Se soubesses o quanto \u00e9 bom, beijar a tua boca e tirar-te o batom, eu queria uma fantasia, tu \u00e9s jindungo na via, contigo eu perco o ju\u00edzo, hoje eu sou o teu her\u00f3i e tu \u00e9s a minha cowboy&#8221;<\/strong>, pode ouvir-se.<\/p>\n<p data-end=\"838\" data-start=\"632\">Texto: Lu\u00eds Sigorro; Fotos: Redes sociais<\/p>\n<p class=\"intagram-text\">Siga a Nova Gente no Instagram<\/p>\n<p>                        <a href=\"https:\/\/www.instagram.com\/revistanovagente\/\" target=\"_blank\" aria-label=\"instagram\" rel=\"noopener nofollow\"><img decoding=\"async\" style=\"display: block; margin-left: auto; margin-right: auto; width: 250px; height: 83px;\" src=\"https:\/\/www.europesays.com\/pt\/wp-content\/uploads\/2026\/04\/Instagram_NG.png\" alt=\"instagram\"\/><\/a><br \/>\n                    <script async src=\"\/\/www.instagram.com\/embed.js\"><\/script><\/p>\n","protected":false},"excerpt":{"rendered":"O ano come\u00e7ou mal para Bernardina Brito, pois, no dia 1 de janeiro, a ex-concorrente da &#8220;Casa dos&hellip;\n","protected":false},"author":2,"featured_media":354734,"comment_status":"","ping_status":"","sticky":false,"template":"","format":"standard","meta":{"footnotes":"","_share_on_mastodon":"0"},"categories":[142],"tags":[13486,5303,2632,114,115,58605,32,33,1315,151],"class_list":["post-354733","post","type-post","status-publish","format-standard","has-post-thumbnail","category-tv","tag-badoxa","tag-bernardina-brito","tag-casa-dos-segredos","tag-entertainment","tag-entretenimento","tag-pedro-almeida","tag-portugal","tag-pt","tag-secret-story","tag-tv"],"share_on_mastodon":{"url":"https:\/\/pubeurope.com\/@pt\/116455421462711007","error":""},"_links":{"self":[{"href":"https:\/\/www.europesays.com\/pt\/wp-json\/wp\/v2\/posts\/354733","targetHints":{"allow":["GET"]}}],"collection":[{"href":"https:\/\/www.europesays.com\/pt\/wp-json\/wp\/v2\/posts"}],"about":[{"href":"https:\/\/www.europesays.com\/pt\/wp-json\/wp\/v2\/types\/post"}],"author":[{"embeddable":true,"href":"https:\/\/www.europesays.com\/pt\/wp-json\/wp\/v2\/users\/2"}],"replies":[{"embeddable":true,"href":"https:\/\/www.europesays.com\/pt\/wp-json\/wp\/v2\/comments?post=354733"}],"version-history":[{"count":0,"href":"https:\/\/www.europesays.com\/pt\/wp-json\/wp\/v2\/posts\/354733\/revisions"}],"wp:featuredmedia":[{"embeddable":true,"href":"https:\/\/www.europesays.com\/pt\/wp-json\/wp\/v2\/media\/354734"}],"wp:attachment":[{"href":"https:\/\/www.europesays.com\/pt\/wp-json\/wp\/v2\/media?parent=354733"}],"wp:term":[{"taxonomy":"category","embeddable":true,"href":"https:\/\/www.europesays.com\/pt\/wp-json\/wp\/v2\/categories?post=354733"},{"taxonomy":"post_tag","embeddable":true,"href":"https:\/\/www.europesays.com\/pt\/wp-json\/wp\/v2\/tags?post=354733"}],"curies":[{"name":"wp","href":"https:\/\/api.w.org\/{rel}","templated":true}]}}