{"id":354967,"date":"2026-04-23T22:08:26","date_gmt":"2026-04-23T22:08:26","guid":{"rendered":"https:\/\/www.europesays.com\/pt\/354967\/"},"modified":"2026-04-23T22:08:26","modified_gmt":"2026-04-23T22:08:26","slug":"jessica-galhofas-sofre-incidente-e-preocupa-fas","status":"publish","type":"post","link":"https:\/\/www.europesays.com\/pt\/354967\/","title":{"rendered":"J\u00e9ssica Galhofas sofre incidente e preocupa f\u00e3s"},"content":{"rendered":"<p>Recorrendo ao Instagram, <a href=\"https:\/\/selfie.iol.pt\/famosos\/jessica-galhofas\/apaixonada-jessica-galhofas-apresenta-novo-namorado-contigo-vale-a-pena\/20260421\/69e79060d34e28842c832b9f\" target=\"_blank\" rel=\"nofollow noopener\">J\u00e9ssica Galhofas<\/a> revelou que sofreu um incidente.<\/p>\n<p>&#8220;Ol\u00e1, maltinha. Recebi muitas, muitas mensagens entre ontem e hoje. Estou bem, \u00e9 s\u00f3 uma entorse no p\u00e9 (o futebol \u00e9 isto). Agora, \u00e9 descanso absoluto e ver como vou melhorando. M\u00e3e, n\u00e3o me venhas dar na cabe\u00e7a, que j\u00e1 sei&#8221;, assinalou na legenda de uma fotografia, na qual surge de muletas.<\/p>\n<p>&#8220;Um beijinho enorme a todos e obrigada pela preocupa\u00e7\u00e3o&#8221;, completou.<\/p>\n<p>Veja, agora, algumas das melhores imagens de J\u00e9ssica Galhofas nas galerias de fotografias que prepar\u00e1mos para si.<\/p>\n<p><img decoding=\"async\" alt=\"\" onclick=\"\" src=\"https:\/\/www.europesays.com\/pt\/wp-content\/uploads\/2026\/04\/1776982106_473_1024.webp\" title=\"J\u00e9ssica Galhofas\"\/><\/p>\n","protected":false},"excerpt":{"rendered":"Recorrendo ao Instagram, J\u00e9ssica Galhofas revelou que sofreu um incidente. &#8220;Ol\u00e1, maltinha. Recebi muitas, muitas mensagens entre ontem&hellip;\n","protected":false},"author":2,"featured_media":354968,"comment_status":"","ping_status":"","sticky":false,"template":"","format":"standard","meta":{"footnotes":"","_share_on_mastodon":"0"},"categories":[142],"tags":[48,114,115,980,3852,1015,3591,619,32,33,1014,1012,151,162],"class_list":["post-354967","post","type-post","status-publish","format-standard","has-post-thumbnail","category-tv","tag-big-brother","tag-entertainment","tag-entretenimento","tag-famosos","tag-incidente","tag-instagram","tag-jessica-galhofas","tag-nacional","tag-portugal","tag-pt","tag-reality-show","tag-selfie","tag-tv","tag-tvi"],"share_on_mastodon":{"url":"https:\/\/pubeurope.com\/@pt\/116456306357735820","error":""},"_links":{"self":[{"href":"https:\/\/www.europesays.com\/pt\/wp-json\/wp\/v2\/posts\/354967","targetHints":{"allow":["GET"]}}],"collection":[{"href":"https:\/\/www.europesays.com\/pt\/wp-json\/wp\/v2\/posts"}],"about":[{"href":"https:\/\/www.europesays.com\/pt\/wp-json\/wp\/v2\/types\/post"}],"author":[{"embeddable":true,"href":"https:\/\/www.europesays.com\/pt\/wp-json\/wp\/v2\/users\/2"}],"replies":[{"embeddable":true,"href":"https:\/\/www.europesays.com\/pt\/wp-json\/wp\/v2\/comments?post=354967"}],"version-history":[{"count":0,"href":"https:\/\/www.europesays.com\/pt\/wp-json\/wp\/v2\/posts\/354967\/revisions"}],"wp:featuredmedia":[{"embeddable":true,"href":"https:\/\/www.europesays.com\/pt\/wp-json\/wp\/v2\/media\/354968"}],"wp:attachment":[{"href":"https:\/\/www.europesays.com\/pt\/wp-json\/wp\/v2\/media?parent=354967"}],"wp:term":[{"taxonomy":"category","embeddable":true,"href":"https:\/\/www.europesays.com\/pt\/wp-json\/wp\/v2\/categories?post=354967"},{"taxonomy":"post_tag","embeddable":true,"href":"https:\/\/www.europesays.com\/pt\/wp-json\/wp\/v2\/tags?post=354967"}],"curies":[{"name":"wp","href":"https:\/\/api.w.org\/{rel}","templated":true}]}}