{"id":355127,"date":"2026-04-24T00:50:32","date_gmt":"2026-04-24T00:50:32","guid":{"rendered":"https:\/\/www.europesays.com\/pt\/355127\/"},"modified":"2026-04-24T00:50:32","modified_gmt":"2026-04-24T00:50:32","slug":"vacinacao-contra-a-gripe-alcanca-menos-de-10-da-meta","status":"publish","type":"post","link":"https:\/\/www.europesays.com\/pt\/355127\/","title":{"rendered":"Vacina\u00e7\u00e3o contra a gripe alcan\u00e7a menos de 10% da meta"},"content":{"rendered":"<p class=\"texto\">A Secretaria de Sa\u00fade (SES-DF) divulgou um balan\u00e7o da vacina\u00e7\u00e3o contra o v\u00edrus influenza, iniciada em 25 de mar\u00e7o. Foram imunizadas 100 mil pessoas, sendo que a meta \u00e9 chegar a 1,1 milh\u00e3o. A imuniza\u00e7\u00e3o \u00e9 gratuita e est\u00e1 dispon\u00edvel em diversas unidades do DF. Este ano, a vacina protege contra tr\u00eas variantes do v\u00edrus e est\u00e1 atualizada para a <a href=\"https:\/\/www.correiobraziliense.com.br\/cidades-df\/2026\/04\/7401102-gripe-variante-k-e-emergencia-em-go-deixam-df-em-alerta.html\" target=\"_blank\" rel=\"nofollow noopener\">variante H3N2 subclado K,<\/a> tamb\u00e9m conhecida como\u00a0influenza K ou gripe K.<\/p>\n<p class=\"texto\">A morte de uma adolescente de 17 anos com essa variante refor\u00e7a a import\u00e2ncia das vacinas para prevenir casos graves da doen\u00e7a e hospitaliza\u00e7\u00f5es.\u00a0<\/p>\n<p class=\"texto\">A vacina \u00e9 voltada a grupos priorit\u00e1rios e considerados mais vulner\u00e1veis pelo Minist\u00e9rio da Sa\u00fade. Entre os principais p\u00fablicos, est\u00e3o crian\u00e7as de 6 meses a 5 anos, 11 meses e 29 dias; idosos a partir dos 60 anos; gestantes; pu\u00e9rperas at\u00e9 45 dias ap\u00f3s o parto; pessoas com comorbidades e defici\u00eancias; ind\u00edgenas e quilombolas; popula\u00e7\u00e3o privada de liberdade; e uma s\u00e9rie de profiss\u00f5es, como professores, caminhoneiros, policiais e militares das For\u00e7as Armadas.\u00a0<\/p>\n<p>Sintomas<\/p>\n<p class=\"texto\">Os sintomas da influenza K podem ser confundidos com aqueles causados por outros v\u00edrus respirat\u00f3rios e at\u00e9 outras variantes. Em caso de sinais leves, a orienta\u00e7\u00e3o da SES-DF \u00e9 buscar uma das\u00a0<a href=\"https:\/\/info.saude.df.gov.br\/sala-de-situacao\/painel-infosaude-atencao-primaria-siga-aps\/\" target=\"_blank\" rel=\"nofollow noopener\">183 unidades b\u00e1sicas de sa\u00fade (UBSs<\/a>). Desse total, 66 UBSs abrem nas manh\u00e3s de s\u00e1bado, das 7h \u00e0s 12h, enquanto nove funcionam de segunda a sexta-feira at\u00e9 as 22h.<\/p>\n<p dir=\"ltr\">Se houver sintomas mais graves, recomenda-se procurar uma das 13\u00a0<a href=\"https:\/\/www.saude.df.gov.br\/upa-24h\" target=\"_blank\" rel=\"nofollow noopener\">unidades de pronto atendimento (UPAs)<\/a>\u00a0ou os\u00a0<a href=\"https:\/\/www.saude.df.gov.br\/infos-hospitais\" target=\"_blank\" rel=\"nofollow noopener\">hospitais da rede SES-DF<\/a>. O atendimento \u00e9 feito por um protocolo de cores que define a gravidade do caso e o tempo de espera previsto.\u00a0<\/p>\n<p dir=\"ltr\">Entre janeiro e 14 de abril deste ano, o DF registrou 1.627 casos de\u00a0S\u00edndrome Respirat\u00f3ria Aguda Grave (SRAG), dos quais 67 foram causados pelo v\u00edrus influenza, 199 pelo\u00a0V\u00edrus Sincicial Respirat\u00f3rio (VSR), 303 pelo metapneumov\u00edrus, 537 pelo rinov\u00edrus, 71 por outros v\u00edrus respirat\u00f3rios e 33 por covid-19.<\/p>\n<p dir=\"ltr\">Em 434 casos, n\u00e3o foi especificado o tipo de v\u00edrus, e, em dois, houve a presen\u00e7a de outro agente. H\u00e1 ao menos 175 codetec\u00e7\u00f5es com v\u00edrus distintos identificados de maneira simult\u00e2nea, segundo a SES-DF.<\/p>\n<ul>\n<li><a href=\"https:\/\/wa.me\/?text=Vacina%C3%A7%C3%A3o+contra+a+gripe+alcan%C3%A7a+menos+de+10%25+da+meta%20https:\/\/www.correiobraziliense.com.br\/cidades-df\/2026\/04\/7404444-vacinacao-contra-a-gripe-alcanca-menos-de-10-da-meta.html\" target=\"_blank\" title=\"Whatsapp\" aria-label=\"WhatsApp\" rel=\"nofollow noopener\"><\/a><\/li>\n<li><a href=\"https:\/\/www.facebook.com\/sharer.php?u=https:\/\/www.correiobraziliense.com.br%2Fcidades-df%2F2026%2F04%2F7404444-vacinacao-contra-a-gripe-alcanca-menos-de-10-da-meta.html&amp;text=Vacina%C3%A7%C3%A3o+contra+a+gripe+alcan%C3%A7a+menos+de+10%25+da+meta\" target=\"_blank\" title=\"Facebook\" aria-label=\"Facebook\" rel=\"nofollow noopener\"><\/a><\/li>\n<li><a href=\"https:\/\/twitter.com\/intent\/tweet?url=https:\/\/www.correiobraziliense.com.br%2Fcidades-df%2F2026%2F04%2F7404444-vacinacao-contra-a-gripe-alcanca-menos-de-10-da-meta.html&amp;text=Vacina%C3%A7%C3%A3o+contra+a+gripe+alcan%C3%A7a+menos+de+10%25+da+meta\" target=\"_blank\" title=\"Twitter\" aria-label=\"Twitter\" rel=\"nofollow noopener\"><\/a><\/li>\n<li><a href=\"https:\/\/profile.google.com\/cp\/CgovbS8wNzZ0dms1\" title=\"Google Discover\" target=\"_blank\" aria-label=\"Google Discover\" rel=\"nofollow noopener\"><img decoding=\"async\" src=\"https:\/\/www.europesays.com\/pt\/wp-content\/uploads\/2026\/04\/1776006193_530_google-discover-icon.png\" style=\"height: 25px; margin: 0 !important; margin-left: 3px;\" alt=\"Google Discover Icon\"\/><\/a><\/li>\n<\/ul>\n<p>              <a href=\"https:\/\/www.correiobraziliense.com.br\/autor\/correio-braziliense\/page\/1\/\" style=\"height: 100%;\" rel=\"nofollow noopener\" target=\"_blank\"><img decoding=\"async\" class=\"hidden-print author-circle d-block h6 mt-0 mb-0 mr-6 text-center\" src=\"https:\/\/www.europesays.com\/pt\/wp-content\/uploads\/2026\/03\/1773468011_638_logo_800x800-32298422.png\" alt=\"\" width=\"40\" height=\"40\" loading=\"lazy\" style=\"object-fit:cover; width: 40px; height: 40px; margin-right:10px;\"\/><\/a><a href=\"https:\/\/www.correiobraziliense.com.br\/autor\/correio-braziliense\/page\/1\/\" rel=\"nofollow noopener\" target=\"_blank\"><img decoding=\"async\" class=\"hidden-print author-circle d-block h6 mt-0 mb-0 mr-6 text-center\" src=\"https:\/\/www.europesays.com\/pt\/wp-content\/uploads\/2026\/03\/1773468011_638_logo_800x800-32298422.png\" alt=\"\" width=\"40\" height=\"40\" loading=\"lazy\" style=\"object-fit:cover; width: 40px; height: 40px; margin-right:10px;\"\/><\/a><\/p>\n<p>                          <script async src=\"https:\/\/platform.twitter.com\/widgets.js\" charset=\"utf-8\"><\/script><\/p>\n","protected":false},"excerpt":{"rendered":"A Secretaria de Sa\u00fade (SES-DF) divulgou um balan\u00e7o da vacina\u00e7\u00e3o contra o v\u00edrus influenza, iniciada em 25 de&hellip;\n","protected":false},"author":2,"featured_media":355128,"comment_status":"","ping_status":"","sticky":false,"template":"","format":"standard","meta":{"footnotes":"","_share_on_mastodon":"0"},"categories":[86],"tags":[1458,1418,116,3130,2850,111,32,33,3970,117],"class_list":["post-355127","post","type-post","status-publish","format-standard","has-post-thumbnail","category-saude","tag-de","tag-gripe","tag-health","tag-imunizacao","tag-influenza","tag-meta","tag-portugal","tag-pt","tag-rio","tag-saude"],"share_on_mastodon":{"url":"https:\/\/pubeurope.com\/@pt\/116456943351667670","error":""},"_links":{"self":[{"href":"https:\/\/www.europesays.com\/pt\/wp-json\/wp\/v2\/posts\/355127","targetHints":{"allow":["GET"]}}],"collection":[{"href":"https:\/\/www.europesays.com\/pt\/wp-json\/wp\/v2\/posts"}],"about":[{"href":"https:\/\/www.europesays.com\/pt\/wp-json\/wp\/v2\/types\/post"}],"author":[{"embeddable":true,"href":"https:\/\/www.europesays.com\/pt\/wp-json\/wp\/v2\/users\/2"}],"replies":[{"embeddable":true,"href":"https:\/\/www.europesays.com\/pt\/wp-json\/wp\/v2\/comments?post=355127"}],"version-history":[{"count":0,"href":"https:\/\/www.europesays.com\/pt\/wp-json\/wp\/v2\/posts\/355127\/revisions"}],"wp:featuredmedia":[{"embeddable":true,"href":"https:\/\/www.europesays.com\/pt\/wp-json\/wp\/v2\/media\/355128"}],"wp:attachment":[{"href":"https:\/\/www.europesays.com\/pt\/wp-json\/wp\/v2\/media?parent=355127"}],"wp:term":[{"taxonomy":"category","embeddable":true,"href":"https:\/\/www.europesays.com\/pt\/wp-json\/wp\/v2\/categories?post=355127"},{"taxonomy":"post_tag","embeddable":true,"href":"https:\/\/www.europesays.com\/pt\/wp-json\/wp\/v2\/tags?post=355127"}],"curies":[{"name":"wp","href":"https:\/\/api.w.org\/{rel}","templated":true}]}}