{"id":355170,"date":"2026-04-24T01:47:40","date_gmt":"2026-04-24T01:47:40","guid":{"rendered":"https:\/\/www.europesays.com\/pt\/355170\/"},"modified":"2026-04-24T01:47:40","modified_gmt":"2026-04-24T01:47:40","slug":"casos-de-monkeypox-voltam-a-aparecer-no-rn-sesap-reforca-orientacoes","status":"publish","type":"post","link":"https:\/\/www.europesays.com\/pt\/355170\/","title":{"rendered":"Casos de monkeypox voltam a aparecer no RN; Sesap refor\u00e7a orienta\u00e7\u00f5es"},"content":{"rendered":"<p>A Secretaria de Estado da Sa\u00fade P\u00fablica do Rio Grande do Norte (Sesap) confirmou o registro de tr\u00eas novos casos de Monkeypox no estado durante a \u00faltima semana epidemiol\u00f3gica, compreendida entre os dias 17 e 23 de abril. De acordo com o \u00f3rg\u00e3o, os casos est\u00e3o concentrados em Natal, com duas ocorr\u00eancias, e em S\u00e3o Gon\u00e7alo do Amarante, na Regi\u00e3o Metropolitana, com um caso. Todos os pacientes apresentam quadro leve e seguem em monitoramento domiciliar pelas equipes de sa\u00fade.<\/p>\n<p>Segundo a Sesap, o diagn\u00f3stico e a vigil\u00e2ncia laboratorial da doen\u00e7a no estado s\u00e3o realizados pelo Laborat\u00f3rio Central Dr. Almino Fernandes, refer\u00eancia desde o in\u00edcio da circula\u00e7\u00e3o do v\u00edrus no Brasil, em 2022. A pasta refor\u00e7a que casos suspeitos devem ser notificados imediatamente ao Centro de Informa\u00e7\u00f5es Estrat\u00e9gicas em Vigil\u00e2ncia em Sa\u00fade, com orienta\u00e7\u00e3o de isolamento do paciente e encaminhamento, se necess\u00e1rio, para unidades de refer\u00eancia como o Hospital Giselda Trigueiro, em Natal, e o Hospital Rafael Fernandes, em Mossor\u00f3.<\/p>\n<p>A monkeypox, atualmente denominada mpox, \u00e9 uma doen\u00e7a viral transmitida principalmente por contato direto com les\u00f5es de pele, secre\u00e7\u00f5es corporais, got\u00edculas respirat\u00f3rias e objetos contaminados. Entre os principais sintomas est\u00e3o febre, dor de cabe\u00e7a, dores musculares, linfonodos inchados e o surgimento de les\u00f5es cut\u00e2neas caracter\u00edsticas, que evoluem de manchas para bolhas e crostas.<\/p>\n<p><img fetchpriority=\"high\" decoding=\"async\" width=\"1024\" height=\"250\" src=\"https:\/\/www.europesays.com\/pt\/wp-content\/uploads\/2026\/04\/image-24-1024x250.png\" alt=\"\" class=\"wp-image-169830\"  \/>Cr\u00e9dito: Minist\u00e9rio da Sa\u00fade<\/p>\n<p>Em entrevista \u00e0 Ag\u00eancia Saiba Mais, a infectologista Carol Medeiros explica que a identifica\u00e7\u00e3o precoce dos sinais \u00e9 fundamental para conter a transmiss\u00e3o. <\/p>\n<blockquote class=\"wp-block-quote is-layout-flow wp-block-quote-is-layout-flow\">\n<p class=\"has-text-align-right\">\u201cO paciente geralmente come\u00e7a com sintomas inespec\u00edficos, como febre e mal-estar, e depois desenvolve les\u00f5es na pele que podem aparecer no rosto, nas m\u00e3os, nos p\u00e9s e tamb\u00e9m na regi\u00e3o genital. Essas les\u00f5es t\u00eam uma evolu\u00e7\u00e3o bem caracter\u00edstica, o que ajuda no diagn\u00f3stico cl\u00ednico\u201d, afirma.<\/p>\n<\/blockquote>\n<p>Ela destaca ainda que, apesar de a maioria dos casos ser leve, o isolamento \u00e9 essencial. <\/p>\n<p>\u201cMesmo com quadros leves, a pessoa pode transmitir o v\u00edrus. Por isso, ao perceber qualquer les\u00e3o suspeita associada a febre, \u00e9 importante procurar atendimento e evitar contato pr\u00f3ximo com outras pessoas\u201d, orienta.<\/p>\n<p>No Rio Grande do Norte, dados recentes da vigil\u00e2ncia epidemiol\u00f3gica indicam que, desde o in\u00edcio do monitoramento da doen\u00e7a, os registros t\u00eam ocorrido de forma espor\u00e1dica, sem caracterizar surtos de grande escala. A Sesap ressalta que mant\u00e9m protocolos atualizados de vigil\u00e2ncia e assist\u00eancia, incluindo orienta\u00e7\u00e3o para que les\u00f5es em \u00e1reas expostas sejam cobertas e que o paciente permane\u00e7a isolado at\u00e9 a completa cicatriza\u00e7\u00e3o.<\/p>\n<p>As autoridades de sa\u00fade refor\u00e7am que a popula\u00e7\u00e3o deve procurar unidades b\u00e1sicas ao apresentar sintomas suspeitos, evitando automedica\u00e7\u00e3o e contribuindo para a interrup\u00e7\u00e3o das cadeias de transmiss\u00e3o.<\/p>\n<p><strong>SAIBA MAIS:<\/strong> <a href=\"https:\/\/saibamais.jor.br\/2023\/08\/rn-nao-registra-novos-casos-de-monkeypox-ha-seis-meses\/\" type=\"link\" id=\"https:\/\/saibamais.jor.br\/2023\/08\/rn-nao-registra-novos-casos-de-monkeypox-ha-seis-meses\/\" rel=\"nofollow noopener\" target=\"_blank\">RN n\u00e3o registra novos casos de monkeypox h\u00e1 seis meses<\/a><\/p>\n","protected":false},"excerpt":{"rendered":"A Secretaria de Estado da Sa\u00fade P\u00fablica do Rio Grande do Norte (Sesap) confirmou o registro de tr\u00eas&hellip;\n","protected":false},"author":2,"featured_media":355171,"comment_status":"","ping_status":"","sticky":false,"template":"","format":"standard","meta":{"footnotes":"","_share_on_mastodon":"0"},"categories":[86],"tags":[116,32,18770,33,10563,117],"class_list":["post-355170","post","type-post","status-publish","format-standard","has-post-thumbnail","category-saude","tag-health","tag-portugal","tag-principais","tag-pt","tag-rn","tag-saude"],"share_on_mastodon":{"url":"https:\/\/pubeurope.com\/@pt\/116457167190188518","error":""},"_links":{"self":[{"href":"https:\/\/www.europesays.com\/pt\/wp-json\/wp\/v2\/posts\/355170","targetHints":{"allow":["GET"]}}],"collection":[{"href":"https:\/\/www.europesays.com\/pt\/wp-json\/wp\/v2\/posts"}],"about":[{"href":"https:\/\/www.europesays.com\/pt\/wp-json\/wp\/v2\/types\/post"}],"author":[{"embeddable":true,"href":"https:\/\/www.europesays.com\/pt\/wp-json\/wp\/v2\/users\/2"}],"replies":[{"embeddable":true,"href":"https:\/\/www.europesays.com\/pt\/wp-json\/wp\/v2\/comments?post=355170"}],"version-history":[{"count":0,"href":"https:\/\/www.europesays.com\/pt\/wp-json\/wp\/v2\/posts\/355170\/revisions"}],"wp:featuredmedia":[{"embeddable":true,"href":"https:\/\/www.europesays.com\/pt\/wp-json\/wp\/v2\/media\/355171"}],"wp:attachment":[{"href":"https:\/\/www.europesays.com\/pt\/wp-json\/wp\/v2\/media?parent=355170"}],"wp:term":[{"taxonomy":"category","embeddable":true,"href":"https:\/\/www.europesays.com\/pt\/wp-json\/wp\/v2\/categories?post=355170"},{"taxonomy":"post_tag","embeddable":true,"href":"https:\/\/www.europesays.com\/pt\/wp-json\/wp\/v2\/tags?post=355170"}],"curies":[{"name":"wp","href":"https:\/\/api.w.org\/{rel}","templated":true}]}}