{"id":355316,"date":"2026-04-24T05:47:23","date_gmt":"2026-04-24T05:47:23","guid":{"rendered":"https:\/\/www.europesays.com\/pt\/355316\/"},"modified":"2026-04-24T05:47:23","modified_gmt":"2026-04-24T05:47:23","slug":"badoxa-declara-se-a-bernardina-brito-e-revela-tudo-comecou-no","status":"publish","type":"post","link":"https:\/\/www.europesays.com\/pt\/355316\/","title":{"rendered":"Badoxa declara-se a Bernardina Brito e revela: &#8220;Tudo come\u00e7ou no&#8230;&#8221;"},"content":{"rendered":"<p>Nos \u00faltimos dias t\u00eam crescido os rumores de que <a href=\"https:\/\/selfie.iol.pt\/famosos\/bernardina-brito\/bernardina-brito-e-badoxa-apaixonados\/20260421\/69e77994d34e28842c832a12\" target=\"_blank\" rel=\"nofollow noopener\">Bernardina Brito e Badoxa estar\u00e3o apaixonados<\/a>. Sem assumir diretamente o romance, o cantor fez uma declara\u00e7\u00e3o \u00e0 ex-concorrente de &#8220;Secret Story&#8221; e assumiu: &#8220;Estou feliz&#8221;.<\/p>\n<p>Badoxa aparece a cantar o tema &#8220;Controla&#8221;, acrescentando um trocadilho \u00e0 letra original, no qual revela: &#8220;Tudo come\u00e7ou num videoclip.&#8221;<\/p>\n<p>A frase parece aludir ao momento em que os dois se aproximaram durante a grava\u00e7\u00e3o de um videoclipe do artista.<\/p>\n<p>No Instagram, a criadora de conte\u00fados digitais repartilhou o v\u00eddeo e respondeu de forma carinhosa, escrevendo apenas uma palavra: &#8220;Meu.&#8221;<\/p>\n<p>Recorde-se que,\u00a0no in\u00edcio de 2026,\u00a0<a href=\"https:\/\/selfie.iol.pt\/famosos\/casa-dos-segredos\/bernardina-brito-em-biquini-vermelho-cada-mulher-tem-direito-a-ter-estrias-celulite-gorduras-peito-descaido\/20260412\/69dbbe4fd34edcee7c62efc8\" rel=\"noopener noreferrer nofollow\" target=\"_blank\">Bernardina Brito<\/a>\u00a0anunciou o fim da rela\u00e7\u00e3o de cerca de dez anos com Pedro Almeida, pai da filha mais nova da empres\u00e1ria, Kyara. A ex-concorrente de &#8220;<a href=\"https:\/\/tvi.iol.pt\/secretstory\/\" rel=\"noopener noreferrer nofollow\" target=\"_blank\">Secret Story &#8211; Casa dos Segredos<\/a>&#8221; \u00e9\u00a0ainda m\u00e3e de K\u00e9vim, fruto do anterior relacionamento com Tiago Ginga.<\/p>\n<p>J\u00e1 <a href=\"https:\/\/selfie.iol.pt\/famosos\/big-brother\/apos-danca-em-direto-badoxa-lanca-desafio-a-marcia-soares-e-comentadora-do-big-brother-reage\/20240701\/6682ead1d34ebf9bbb3f4938\" rel=\"noopener noreferrer nofollow\" target=\"_blank\">Badoxa<\/a>, cujo verdadeiro nome \u00e9 Edgar Silva Correia, sempre se manteve mais reservado em rela\u00e7\u00e3o \u00e0 vida privada. O cantor \u00e9 pai de dois filhos: \u00c2ngelo, de 12 anos, e Gael, de seis.<\/p>\n<p>Veja, agora, o v\u00eddeo com a declara\u00e7\u00e3o do cantor.<\/p>\n<p style=\"text-align:center\"><img loading=\"lazy\" decoding=\"async\" alt=\"\" height=\"859\" src=\"https:\/\/www.europesays.com\/pt\/wp-content\/uploads\/2026\/04\/69ea4e97d34e28842c8342f5.webp\" width=\"500\"\/><\/p>\n<p>\u00a0<\/p>\n","protected":false},"excerpt":{"rendered":"Nos \u00faltimos dias t\u00eam crescido os rumores de que Bernardina Brito e Badoxa estar\u00e3o apaixonados. Sem assumir diretamente&hellip;\n","protected":false},"author":2,"featured_media":355317,"comment_status":"","ping_status":"","sticky":false,"template":"","format":"standard","meta":{"footnotes":"","_share_on_mastodon":"0"},"categories":[145],"tags":[13486,5303,211,210,114,115,980,1015,619,32,33,1014,1016,1315,1012],"class_list":["post-355316","post","type-post","status-publish","format-standard","has-post-thumbnail","category-celebridades","tag-badoxa","tag-bernardina-brito","tag-celebridades","tag-celebrities","tag-entertainment","tag-entretenimento","tag-famosos","tag-instagram","tag-nacional","tag-portugal","tag-pt","tag-reality-show","tag-romance","tag-secret-story","tag-selfie"],"share_on_mastodon":{"url":"https:\/\/pubeurope.com\/@pt\/116458110914745135","error":""},"_links":{"self":[{"href":"https:\/\/www.europesays.com\/pt\/wp-json\/wp\/v2\/posts\/355316","targetHints":{"allow":["GET"]}}],"collection":[{"href":"https:\/\/www.europesays.com\/pt\/wp-json\/wp\/v2\/posts"}],"about":[{"href":"https:\/\/www.europesays.com\/pt\/wp-json\/wp\/v2\/types\/post"}],"author":[{"embeddable":true,"href":"https:\/\/www.europesays.com\/pt\/wp-json\/wp\/v2\/users\/2"}],"replies":[{"embeddable":true,"href":"https:\/\/www.europesays.com\/pt\/wp-json\/wp\/v2\/comments?post=355316"}],"version-history":[{"count":0,"href":"https:\/\/www.europesays.com\/pt\/wp-json\/wp\/v2\/posts\/355316\/revisions"}],"wp:featuredmedia":[{"embeddable":true,"href":"https:\/\/www.europesays.com\/pt\/wp-json\/wp\/v2\/media\/355317"}],"wp:attachment":[{"href":"https:\/\/www.europesays.com\/pt\/wp-json\/wp\/v2\/media?parent=355316"}],"wp:term":[{"taxonomy":"category","embeddable":true,"href":"https:\/\/www.europesays.com\/pt\/wp-json\/wp\/v2\/categories?post=355316"},{"taxonomy":"post_tag","embeddable":true,"href":"https:\/\/www.europesays.com\/pt\/wp-json\/wp\/v2\/tags?post=355316"}],"curies":[{"name":"wp","href":"https:\/\/api.w.org\/{rel}","templated":true}]}}