{"id":356199,"date":"2026-04-24T21:07:15","date_gmt":"2026-04-24T21:07:15","guid":{"rendered":"https:\/\/www.europesays.com\/pt\/356199\/"},"modified":"2026-04-24T21:07:15","modified_gmt":"2026-04-24T21:07:15","slug":"ines-aires-pereira-ja-foi-mae-conheca-o-pequeno-jorge-e-veja-as-primeiras-imagens-nacional","status":"publish","type":"post","link":"https:\/\/www.europesays.com\/pt\/356199\/","title":{"rendered":"In\u00eas Aires Pereira j\u00e1 foi m\u00e3e: conhe\u00e7a o pequeno Jorge e veja as primeiras imagens &#8211; Nacional"},"content":{"rendered":"<p class=\"\">&#13;<br \/>\n        <b>A fam\u00edlia de In\u00eas Aires Pereira acaba de crescer<\/b>. A <b>atriz e humorista deu as boas-vindas ao seu terceiro filho, Jorge<\/b>, que nasceu nesta quinta-feira, dia 23 de abril. O momento de felicidade foi partilhado pela pr\u00f3pria nas redes sociais, onde revelou imagens ternurentas do rec\u00e9m-nascido e alguns registos do parto.&#13;\n    <\/p>\n<p class=\"\">&#13;<br \/>\n        <b>&#8220;Finalmente nos meus bra\u00e7os! No seu dia! Salve Jorge!!!&#8221;<\/b>, escreveu a atriz na legenda da publica\u00e7\u00e3o, visivelmente emocionada. A escolha do nome e a data de nascimento n\u00e3o passaram despercebidas aos seguidores e amigos, sendo <b>prontamente batizado como um &#8220;filho de Abril&#8221; pelos amigos<\/b>.&#13;\n    <\/p>\n<p class=\"\">&#13;<br \/>\n        Como seria de esperar, a caixa de coment\u00e1rios de In\u00eas Aires Pereira transformou-se num aut\u00eantico mural de celebra\u00e7\u00e3o. Figuras como <b>Jessica Athayde, Cl\u00e1udio Ramos, C\u00e9sar Mour\u00e3o e Sara Prata foram dos primeiros a reagir<\/b>. &#8220;Parab\u00e9ns queridos! Muito feliz por voc\u00eas!&#8221;, sublinhou Sara Prata, enquanto <b>Joana Seixas destacou o simbolismo da data: &#8220;\u00c0 beira da madrugada inicial e limpa!&#8221;<\/b>.&#13;\n    <\/p>\n<p class=\"\">&#13;<br \/>\n        <b>O pequeno Jorge junta-se assim a Alice, de 6 anos, e a Joaquim, de 4, completando o trio de &#8220;manos&#8221;<\/b>. O beb\u00e9 \u00e9 fruto da rela\u00e7\u00e3o da atriz com David Ferreira, num nascimento que simboliza tamb\u00e9m a solidez do casal. Recorde-se que In\u00eas e David chegaram a estar separados no in\u00edcio de 2024, altura em que a atriz viveu um curto romance com o humorista Jo\u00e3o Maria. Contudo, o amor pelo pai dos filhos falou mais alto e a reconcilia\u00e7\u00e3o acabou por culminar nesta nova e feliz etapa familiar.&#13;\n    <\/p>\n<p>        &#13;<br \/>\n            Saber mais sobre&#13;<br \/>\n            &#13;<br \/>\n            &#13;<\/p>\n<p>    &#13;<br \/>\n        &#13;<br \/>\n        &#13;<br \/>\n&#13;<\/p>\n","protected":false},"excerpt":{"rendered":"&#13; A fam\u00edlia de In\u00eas Aires Pereira acaba de crescer. A atriz e humorista deu as boas-vindas ao&hellip;\n","protected":false},"author":2,"featured_media":356200,"comment_status":"","ping_status":"","sticky":false,"template":"","format":"standard","meta":{"footnotes":"","_share_on_mastodon":"0"},"categories":[145],"tags":[813,7298,211,210,60695,114,115,1210,886,50730,32,33,1186,6610],"class_list":["post-356199","post","type-post","status-publish","format-standard","has-post-thumbnail","category-celebridades","tag-atriz","tag-atrizes","tag-celebridades","tag-celebrities","tag-david-arturo-ferreira-rico","tag-entertainment","tag-entretenimento","tag-ines-aires-pereira","tag-jorge","tag-mae-e-filha","tag-portugal","tag-pt","tag-salve-jorge","tag-sara-prata"],"share_on_mastodon":{"url":"https:\/\/pubeurope.com\/@pt\/116461728331501405","error":""},"_links":{"self":[{"href":"https:\/\/www.europesays.com\/pt\/wp-json\/wp\/v2\/posts\/356199","targetHints":{"allow":["GET"]}}],"collection":[{"href":"https:\/\/www.europesays.com\/pt\/wp-json\/wp\/v2\/posts"}],"about":[{"href":"https:\/\/www.europesays.com\/pt\/wp-json\/wp\/v2\/types\/post"}],"author":[{"embeddable":true,"href":"https:\/\/www.europesays.com\/pt\/wp-json\/wp\/v2\/users\/2"}],"replies":[{"embeddable":true,"href":"https:\/\/www.europesays.com\/pt\/wp-json\/wp\/v2\/comments?post=356199"}],"version-history":[{"count":0,"href":"https:\/\/www.europesays.com\/pt\/wp-json\/wp\/v2\/posts\/356199\/revisions"}],"wp:featuredmedia":[{"embeddable":true,"href":"https:\/\/www.europesays.com\/pt\/wp-json\/wp\/v2\/media\/356200"}],"wp:attachment":[{"href":"https:\/\/www.europesays.com\/pt\/wp-json\/wp\/v2\/media?parent=356199"}],"wp:term":[{"taxonomy":"category","embeddable":true,"href":"https:\/\/www.europesays.com\/pt\/wp-json\/wp\/v2\/categories?post=356199"},{"taxonomy":"post_tag","embeddable":true,"href":"https:\/\/www.europesays.com\/pt\/wp-json\/wp\/v2\/tags?post=356199"}],"curies":[{"name":"wp","href":"https:\/\/api.w.org\/{rel}","templated":true}]}}