{"id":35630,"date":"2025-08-19T09:55:06","date_gmt":"2025-08-19T09:55:06","guid":{"rendered":"https:\/\/www.europesays.com\/pt\/35630\/"},"modified":"2025-08-19T09:55:06","modified_gmt":"2025-08-19T09:55:06","slug":"eis-o-novo-plano-dos-leoes-para-o-internacional-portugues","status":"publish","type":"post","link":"https:\/\/www.europesays.com\/pt\/35630\/","title":{"rendered":"eis o novo plano dos le\u00f5es para o internacional portugu\u00eas"},"content":{"rendered":"<p><strong>Jota Silva deixou de ser uma prioridade para o Sporting neste mercado de transfer\u00eancias. Dever\u00e1 haver uma nova oferta no final do m\u00eas.<\/strong><\/p>\n<p>Jota Silva deixou de ser a prioridade do Sporting nesta janela de transfer\u00eancias. <a href=\"https:\/\/bolanarede.pt\/especial-bola-na-rede\/atualidade\/sporting-quer-yeremay-hernandez-ate-2030\/\" target=\"_blank\" rel=\"noreferrer noopener nofollow\">Yeremay Hern\u00e1ndez passou a ser o grande alvo do emblema de Alvalade<\/a>, com o internacional portugu\u00eas a passar para um segundo plano.<\/p>\n<p>Ainda assim, os le\u00f5es n\u00e3o v\u00e3o desistir de Jota Silva, mas apenas v\u00e3o realizar uma nova proposta mais perto do final do mercado, prometendo ser uma negocia\u00e7\u00e3o que durar\u00e1 at\u00e9 aos \u00faltimos minutos do m\u00eas.<\/p>\n<p>Jota Silva pertence aos quadros do Nottingham Forest, que quer vender o jogador. O jogador foi suplente utilizado na primeira jornada da Premier League.<\/p>\n","protected":false},"excerpt":{"rendered":"Jota Silva deixou de ser uma prioridade para o Sporting neste mercado de transfer\u00eancias. Dever\u00e1 haver uma nova&hellip;\n","protected":false},"author":2,"featured_media":33330,"comment_status":"","ping_status":"","sticky":false,"template":"","format":"standard","meta":{"footnotes":""},"categories":[87],"tags":[260,135,478,8299,1527,32,479,33,34,134],"class_list":{"0":"post-35630","1":"post","2":"type-post","3":"status-publish","4":"format-standard","5":"has-post-thumbnail","7":"category-desporto","8":"tag-atualidade","9":"tag-desporto","10":"tag-destaques-bnr","11":"tag-jota-silva","12":"tag-nottingham-forest","13":"tag-portugal","14":"tag-primeira-liga","15":"tag-pt","16":"tag-sporting","17":"tag-sports"},"share_on_mastodon":{"url":"","error":""},"_links":{"self":[{"href":"https:\/\/www.europesays.com\/pt\/wp-json\/wp\/v2\/posts\/35630","targetHints":{"allow":["GET"]}}],"collection":[{"href":"https:\/\/www.europesays.com\/pt\/wp-json\/wp\/v2\/posts"}],"about":[{"href":"https:\/\/www.europesays.com\/pt\/wp-json\/wp\/v2\/types\/post"}],"author":[{"embeddable":true,"href":"https:\/\/www.europesays.com\/pt\/wp-json\/wp\/v2\/users\/2"}],"replies":[{"embeddable":true,"href":"https:\/\/www.europesays.com\/pt\/wp-json\/wp\/v2\/comments?post=35630"}],"version-history":[{"count":0,"href":"https:\/\/www.europesays.com\/pt\/wp-json\/wp\/v2\/posts\/35630\/revisions"}],"wp:featuredmedia":[{"embeddable":true,"href":"https:\/\/www.europesays.com\/pt\/wp-json\/wp\/v2\/media\/33330"}],"wp:attachment":[{"href":"https:\/\/www.europesays.com\/pt\/wp-json\/wp\/v2\/media?parent=35630"}],"wp:term":[{"taxonomy":"category","embeddable":true,"href":"https:\/\/www.europesays.com\/pt\/wp-json\/wp\/v2\/categories?post=35630"},{"taxonomy":"post_tag","embeddable":true,"href":"https:\/\/www.europesays.com\/pt\/wp-json\/wp\/v2\/tags?post=35630"}],"curies":[{"name":"wp","href":"https:\/\/api.w.org\/{rel}","templated":true}]}}