{"id":356773,"date":"2026-04-25T09:48:19","date_gmt":"2026-04-25T09:48:19","guid":{"rendered":"https:\/\/www.europesays.com\/pt\/356773\/"},"modified":"2026-04-25T09:48:19","modified_gmt":"2026-04-25T09:48:19","slug":"ladrao-apanhado-atraves-de-um-sistema-que-segue-milhoes-de-telemoveis","status":"publish","type":"post","link":"https:\/\/www.europesays.com\/pt\/356773\/","title":{"rendered":"Ladr\u00e3o apanhado atrav\u00e9s de um sistema que segue milh\u00f5es de telem\u00f3veis"},"content":{"rendered":"<p>A deten\u00e7\u00e3o de um suspeito de assaltos a tabacarias em Tucson, nos EUA, trouxe para o centro do debate uma realidade desconfort\u00e1vel: a localiza\u00e7\u00e3o de milh\u00f5es de utilizadores de telem\u00f3veis pode ser comprada e explorada sem controlo judicial direto.<\/p>\n<p><img fetchpriority=\"high\" decoding=\"async\" src=\"https:\/\/www.europesays.com\/pt\/wp-content\/uploads\/2026\/04\/espiar_smartphones00-720x405.webp.webp\" alt=\"Ilustra\u00e7\u00e3o de mecanismo que controla as pessoas pelos telem\u00f3veis e a sua localiza\u00e7\u00e3o sem controlo das autoridades judiciais\" width=\"720\" height=\"405\" class=\"aligncenter wp-image-1115669 size-medium\"  \/><\/p>\n<p>Como a pol\u00edcia chegou ao suspeito<\/p>\n<p>O caso come\u00e7ou com uma sequ\u00eancia de roubos \u00e0 mesma cadeia de lojas. Em vez de recorrer a m\u00e9todos tradicionais, como mandados ou escutas, <strong>as autoridades analisaram dados de geolocaliza\u00e7\u00e3o de dispositivos m\u00f3veis<\/strong> presentes nas imedia\u00e7\u00f5es dos crimes.<\/p>\n<p>Entre centenas de sinais, um destacou-se: <strong>o mesmo telem\u00f3vel surgia repetidamente nos locais e hor\u00e1rios dos assaltos<\/strong>. A partir da\u00ed, foi poss\u00edvel tra\u00e7ar o percurso do dispositivo at\u00e9 \u00e0 resid\u00eancia do propriet\u00e1rio, que acabou por ser identificado e detido.<\/p>\n<p>Um detalhe adicional refor\u00e7ou as suspeitas: o indiv\u00edduo tinha uma liga\u00e7\u00e3o pessoal a uma funcion\u00e1ria da primeira loja assaltada.<\/p>\n<p>A tecnologia por detr\u00e1s da vigil\u00e2ncia<\/p>\n<p>O servi\u00e7o utilizado, conhecido como Webloc, foi desenvolvido pela <a target=\"_blank\" href=\"https:\/\/cobweb.com\/\" rel=\"nofollow noopener\">Cobweb Technologies<\/a> e integra atualmente a oferta da Penlink, ap\u00f3s a aquisi\u00e7\u00e3o em 2023.<\/p>\n<p>Este sistema baseia-se em dados recolhidos atrav\u00e9s de aplica\u00e7\u00f5es m\u00f3veis e redes de publicidade digital. Sempre que uma aplica\u00e7\u00e3o solicita acesso \u00e0 localiza\u00e7\u00e3o, muitas vezes para fins publicit\u00e1rios, essa informa\u00e7\u00e3o pode ser agregada e revendida.<\/p>\n<p>Segundo investiga\u00e7\u00f5es citadas por plataformas como <a target=\"_blank\" href=\"https:\/\/www.lawfaremedia.org\/article\/it-is-time-to-ban-the-sale-of-precise-geolocation\" rel=\"nofollow noopener\">Lawfare<\/a> e <a target=\"_blank\" href=\"https:\/\/boingboing.net\/2026\/04\/20\/tucson-cops-cracked-a-cigarette-case-using-a-tool-tracking-500m-phones.html\" rel=\"nofollow noopener\">Boing Boing<\/a>, o Webloc ter\u00e1 acesso a dados provenientes de cerca de <strong>500 milh\u00f5es de dispositivos em todo o mundo<\/strong>.<\/p>\n<p><img loading=\"lazy\" decoding=\"async\" aria-describedby=\"caption-attachment-1115692\" src=\"https:\/\/www.europesays.com\/pt\/wp-content\/uploads\/2026\/04\/espiar_smartphones01-720x405.webp.webp\" alt=\"\" width=\"720\" height=\"405\" class=\"size-medium wp-image-1115692\"  \/><\/p>\n<p id=\"caption-attachment-1115692\" class=\"wp-caption-text\">O servi\u00e7o referido \u00e9 o Webloc, um produto de vigil\u00e2ncia baseado em tecnologia usada na publicitade mostrada nos dispositivos m\u00f3veis, cujos <strong>propriet\u00e1rios afirmam recolher dados de cerca de 500 milh\u00f5es de telem\u00f3veis<\/strong> em todo o planeta.<\/p>\n<p>Precis\u00e3o e escala: um rastreio invis\u00edvel<\/p>\n<p>Documentos t\u00e9cnicos divulgados recentemente indicam que a ferramenta consegue rastrear um utilizador v\u00e1rias vezes por dia. Num caso analisado, um indiv\u00edduo em <strong>Abu Dhabi foi localizado at\u00e9 12 vezes num \u00fanico dia, atrav\u00e9s de sinais GPS e liga\u00e7\u00f5es Wi-Fi<\/strong>.<\/p>\n<p>Al\u00e9m disso, o sistema <strong>demonstrou capacidade para identificar dispositivos espec\u00edficos em locais concretos na Europa<\/strong>, incluindo Rom\u00e9nia e It\u00e1lia, com elevada precis\u00e3o temporal.<\/p>\n<p>Apesar de os dados serem frequentemente classificados como \u201can\u00f3nimos\u201d, a <a target=\"_blank\" href=\"https:\/\/pplware.sapo.pt\/tag\/espionagem\/\" rel=\"nofollow noopener\">combina\u00e7\u00e3o com outras fontes<\/a>, redes sociais, contas online ou padr\u00f5es de desloca\u00e7\u00e3o, permite, na pr\u00e1tica, associ\u00e1-los a pessoas reais.<\/p>\n<p><img loading=\"lazy\" decoding=\"async\" src=\"https:\/\/www.europesays.com\/pt\/wp-content\/uploads\/2026\/04\/espiar_smartphones02-720x405.webp.webp\" alt=\"\" width=\"720\" height=\"405\" class=\"aligncenter size-medium wp-image-1115694\"  \/><\/p>\n<p>Um ecossistema de vigil\u00e2ncia acess\u00edvel<\/p>\n<p>O Webloc funciona como complemento ao <a target=\"_blank\" href=\"https:\/\/www.surveillancewatch.io\/\" rel=\"nofollow noopener\">Tangles<\/a>, outro produto da Penlink, que <strong>j\u00e1 recolhe informa\u00e7\u00e3o de redes sociais e servi\u00e7os digitais<\/strong>. Em conjunto, criam um retrato detalhado da atividade de um indiv\u00edduo, tanto no mundo f\u00edsico como no digital.<\/p>\n<p>O ponto mais cr\u00edtico n\u00e3o \u00e9 apenas o uso por autoridades sem supervis\u00e3o judicial clara. \u00c9, sobretudo, a facilidade de acesso: <strong>servi\u00e7os semelhantes podem estar dispon\u00edveis mediante simples subscri\u00e7\u00e3o<\/strong>, por valores relativamente baixos.<\/p>\n<p>Privacidade em risco<\/p>\n<p>Este caso evidencia uma mudan\u00e7a estrutural na forma como a vigil\u00e2ncia \u00e9 feita. <strong>N\u00e3o depende apenas de governos ou ag\u00eancias de seguran\u00e7a, tornou-se um mercado<\/strong>.<\/p>\n<p>Os dados que alimentam este sistema s\u00e3o gerados diariamente pelos pr\u00f3prios utilizadores, muitas vezes sem consci\u00eancia do alcance da partilha. Aplica\u00e7\u00f5es aparentemente inofensivas podem estar a contribuir para um ecossistema onde a localiza\u00e7\u00e3o pessoal se transforma num produto.<\/p>\n<p>A fronteira entre seguran\u00e7a e privacidade torna-se, assim, cada vez mais t\u00e9nue, e o controlo sobre os nossos pr\u00f3prios dados, progressivamente mais difuso. <strong>Os telem\u00f3veis sabem muito mais de n\u00f3s do que n\u00f3s mesmos<\/strong>!<\/p>\n","protected":false},"excerpt":{"rendered":"A deten\u00e7\u00e3o de um suspeito de assaltos a tabacarias em Tucson, nos EUA, trouxe para o centro do&hellip;\n","protected":false},"author":2,"featured_media":356774,"comment_status":"","ping_status":"","sticky":false,"template":"","format":"standard","meta":{"footnotes":"","_share_on_mastodon":"0"},"categories":[83],"tags":[88,89,90,32,33,4057],"class_list":["post-356773","post","type-post","status-publish","format-standard","has-post-thumbnail","category-empresas","tag-business","tag-economy","tag-empresas","tag-portugal","tag-pt","tag-telemoveis"],"share_on_mastodon":{"url":"https:\/\/pubeurope.com\/@pt\/116464720950923312","error":""},"_links":{"self":[{"href":"https:\/\/www.europesays.com\/pt\/wp-json\/wp\/v2\/posts\/356773","targetHints":{"allow":["GET"]}}],"collection":[{"href":"https:\/\/www.europesays.com\/pt\/wp-json\/wp\/v2\/posts"}],"about":[{"href":"https:\/\/www.europesays.com\/pt\/wp-json\/wp\/v2\/types\/post"}],"author":[{"embeddable":true,"href":"https:\/\/www.europesays.com\/pt\/wp-json\/wp\/v2\/users\/2"}],"replies":[{"embeddable":true,"href":"https:\/\/www.europesays.com\/pt\/wp-json\/wp\/v2\/comments?post=356773"}],"version-history":[{"count":0,"href":"https:\/\/www.europesays.com\/pt\/wp-json\/wp\/v2\/posts\/356773\/revisions"}],"wp:featuredmedia":[{"embeddable":true,"href":"https:\/\/www.europesays.com\/pt\/wp-json\/wp\/v2\/media\/356774"}],"wp:attachment":[{"href":"https:\/\/www.europesays.com\/pt\/wp-json\/wp\/v2\/media?parent=356773"}],"wp:term":[{"taxonomy":"category","embeddable":true,"href":"https:\/\/www.europesays.com\/pt\/wp-json\/wp\/v2\/categories?post=356773"},{"taxonomy":"post_tag","embeddable":true,"href":"https:\/\/www.europesays.com\/pt\/wp-json\/wp\/v2\/tags?post=356773"}],"curies":[{"name":"wp","href":"https:\/\/api.w.org\/{rel}","templated":true}]}}