{"id":35727,"date":"2025-08-19T11:21:09","date_gmt":"2025-08-19T11:21:09","guid":{"rendered":"https:\/\/www.europesays.com\/pt\/35727\/"},"modified":"2025-08-19T11:21:09","modified_gmt":"2025-08-19T11:21:09","slug":"vem-muita-novidade-record","status":"publish","type":"post","link":"https:\/\/www.europesays.com\/pt\/35727\/","title":{"rendered":"\u2018Vem muita novidade\u2019 \u2013 Record"},"content":{"rendered":"<p>A modelo foi eliminada no quinto epis\u00f3dio, ap\u00f3s desbravar 46 provas no programa da RECORD<\/p>\n<p class=\"article-text-xxxs article-text-neutral-low-500 dark:article-text-neutral-high-400\"><a href=\"https:\/\/record.r7.com\/game-dos-100\/entrevistas\" title=\"Entrevistas\" class=\"article-editorial-text article-font-semibold article-uppercase dark:!article-text-neutral-high-400\" rel=\"nofollow noopener\" target=\"_blank\">Entrevistas<\/a>|Bianca Barbosa, do site oficial<\/p>\n<p class=\"article-uppercase article-text-little article-text-age-rating-18anos-500 dark:article-text-neutral-high-400\">19\/08\/2025 &#8211; 02h00 (Atualizado em 19\/08\/2025 &#8211; 02h00)<\/p>\n<p><img decoding=\"async\" data-chromatic=\"ignore\" alt=\"\" class=\"c-image\" loading=\"lazy\" src=\"https:\/\/www.europesays.com\/pt\/wp-content\/uploads\/2025\/08\/PZQGQBPPGZGIDOFTFAN467746Q.png\"  width=\"2116\" height=\"1153\"\/>Carolina Arjonas falou sobre carreira, game e samba Reprodu\u00e7\u00e3o\/Instagram <\/p>\n<p class=\"dark:base-text-neutral-high-400 base-text-[calc(theme(fontSize.xs)_*_var(--font-size,_1))] base-font-normal base-font-primary base-text-neutral-low-500 base-text-left\">Musa do Carnaval, <a href=\"https:\/\/record.r7.com\/game-dos-100\/participantes\/carolina-arjonas\/\" target=\"_self\" rel=\"nofollow noopener\" title=\"https:\/\/record.r7.com\/game-dos-100\/participantes\/carolina-arjonas\/\"><b>Carolina Arjonas<\/b><\/a> mostrou seu lado competidora no <a href=\"https:\/\/record.r7.com\/game-dos-100\/\" target=\"_self\" rel=\"nofollow noopener\" title=\"https:\/\/record.r7.com\/game-dos-100\/\"><b>Game dos 100<\/b><\/a> sem deixar o brilho e carisma do samba de lado! A modelo chegou at\u00e9 o <a href=\"https:\/\/record.r7.com\/game-dos-100\/novidades\/fotos\/gritaria-e-adrenalina-veja-o-resumao-do-quinto-episodio-de-game-dos-100-18082025\/\" target=\"_self\" rel=\"nofollow noopener\" title=\"https:\/\/record.r7.com\/game-dos-100\/novidades\/fotos\/gritaria-e-adrenalina-veja-o-resumao-do-quinto-episodio-de-game-dos-100-18082025\/\"><b>quinto epis\u00f3dio do programa<\/b><\/a> com garra e rodeada de amigos. Em entrevista ao <b>site oficial<\/b>, ela contou sobre a experi\u00eancia e prometeu novidades nos projetos profissionais.<\/p>\n<p class=\"dark:base-text-neutral-high-400 base-text-[calc(theme(fontSize.xs)_*_var(--font-size,_1))] base-font-normal base-font-primary base-text-neutral-low-500 base-text-left\">Carol fez um balan\u00e7o de tudo o que gostou na atra\u00e7\u00e3o: \u201cA mistura de sentimento, adrenalina, medo, felicidade e tristeza&#8230; Tudo ao mesmo tempo! Eu consegui me sentir mais humana participando de um game com v\u00e1rias pessoas diferentes!\u201d<\/p>\n<p class=\"dark:base-text-neutral-high-400 base-text-[calc(theme(fontSize.xs)_*_var(--font-size,_1))] base-font-normal base-font-primary base-text-neutral-low-500 base-text-left\">Ela teve um \u00f3timo desempenho na maioria das 46 provas, terminando quase sempre entre os primeiros classificados, mas <a href=\"https:\/\/record.r7.com\/game-dos-100\/video\/carolina-arjonas-nao-se-da-bem-no-brecho-e-e-eliminada-17082025\/\" target=\"_self\" rel=\"nofollow noopener\" title=\"https:\/\/record.r7.com\/game-dos-100\/video\/carolina-arjonas-nao-se-da-bem-no-brecho-e-e-eliminada-17082025\/\"><b>o desafio do brech\u00f3 foi seu ponto final<\/b><\/a>: \u201cPor mais simples que pare\u00e7am as provas, exigem muita aten\u00e7\u00e3o, qualquer distra\u00e7\u00e3o pode ser o fim do game. Acredito que faltou um pouco de persist\u00eancia! E no dia da minha elimina\u00e7\u00e3o eu sa\u00ed de casa sabendo que era meu \u00faltimo dia! Parece que eu j\u00e1 sabia\u201d, pontuou.<\/p>\n<p class=\"dark:base-text-neutral-high-400 base-text-[calc(theme(fontSize.xs)_*_var(--font-size,_1))] base-font-normal base-font-primary base-text-neutral-low-500 base-text-left\">A modelo se despediu do programa rodeada de amigos e com boa impress\u00e3o da experi\u00eancia na TV. Questionada sobre poss\u00edvel participa\u00e7\u00e3o em realities da emissora, foi direta: \u201cToparia, sim! Com certeza!\u201d <\/p>\n<p><b>Na moda e no samba!<\/b><\/p>\n<p class=\"dark:base-text-neutral-high-400 base-text-[calc(theme(fontSize.xs)_*_var(--font-size,_1))] base-font-normal base-font-primary base-text-neutral-low-500 base-text-left\">Carol \u00e9 modelo e sempre divulga fotos dos ensaios de moda nas redes sociais, onde acumula quase um milh\u00e3o de seguidores. Ela tamb\u00e9m \u00e9 musa das escolas de samba Mocidade Independente de Padre Miguel, do Rio de Janeiro, e Barroca Zona Sul, de S\u00e3o Paulo.<\/p>\n<p class=\"dark:base-text-neutral-high-400 base-text-[calc(theme(fontSize.xs)_*_var(--font-size,_1))] base-font-normal base-font-primary base-text-neutral-low-500 base-text-left\">Ela revelou curiosidade: \u201cFotografo 500 looks por semana como modelo para diversas marcas! Mesmo com a correria na \u00e9poca do Carnaval n\u00e3o diminuo os trabalhos, apenas acrescento a correria dos ensaios com as escolas e aulas de samba!\u201d<\/p>\n<p class=\"dark:base-text-neutral-high-400 base-text-[calc(theme(fontSize.xs)_*_var(--font-size,_1))] base-font-normal base-font-primary base-text-neutral-low-500 base-text-left\">E para os f\u00e3s, ela prometeu: \u201cPretendo seguir a carreira de modelo e com certeza estou com muitos projetos futuros. Vem muita novidade por a\u00ed!\u201d <\/p>\n<p class=\"dark:base-text-neutral-high-400 base-text-[calc(theme(fontSize.xs)_*_var(--font-size,_1))] base-font-normal base-font-primary base-text-neutral-low-500 base-text-left\">Fique ligado! Sob o comando de Felipe Andreoli e Rafa Brites, o <a href=\"https:\/\/record.r7.com\/game-dos-100\/\" rel=\"nofollow noopener\" title=\"https:\/\/record.r7.com\/game-dos-100\/\" target=\"_blank\"><b>Game dos 100<\/b><\/a> vai ao ar todos os domingos, \u00e0s 14 horas, na tela da <a href=\"https:\/\/record.r7.com\/\" rel=\"nofollow noopener\" title=\"https:\/\/record.r7.com\/\" target=\"_blank\"><b>RECORD<\/b><\/a>. Acesse o <b>site oficial<\/b> e fique por dentro das novidades. Reveja os epis\u00f3dios no <a href=\"https:\/\/www.recordplus.com\/home\" target=\"_self\" rel=\"nofollow noopener\" title=\"https:\/\/www.recordplus.com\/home\"><b>RecordPlus<\/b><\/a>!<\/p>\n<p class=\"dark:base-text-neutral-high-400 base-text-[calc(theme(fontSize.xs)_*_var(--font-size,_1))] base-font-normal base-font-primary base-text-neutral-low-500 base-text-left\"><b>Gritaria e adrenalina! Veja o resum\u00e3o do quinto epis\u00f3dio de Game dos 100<\/b><\/p>\n<p class=\"dark:base-text-neutral-high-400 base-text-[calc(theme(fontSize.xxs)_*_var(--font-size,_1))] base-font-semibold base-font-primary base-text-neutral-low-500 base-text-left\">O Game dos 100 sempre surpreende, e no quinto epis\u00f3dio n\u00e3o foi diferente! Rolou gritaria, piscina de bolinhas, choro, caretas, bra\u00e7o de ferro e at\u00e9 Top 50. Se liga no resum\u00e3o do programa!<\/p>\n","protected":false},"excerpt":{"rendered":"A modelo foi eliminada no quinto epis\u00f3dio, ap\u00f3s desbravar 46 provas no programa da RECORD Entrevistas|Bianca Barbosa, do&hellip;\n","protected":false},"author":2,"featured_media":35728,"comment_status":"","ping_status":"","sticky":false,"template":"","format":"standard","meta":{"footnotes":""},"categories":[145],"tags":[211,210,114,115,8433,6752,32,33,8432],"class_list":{"0":"post-35727","1":"post","2":"type-post","3":"status-publish","4":"format-standard","5":"has-post-thumbnail","7":"category-celebridades","8":"tag-celebridades","9":"tag-celebrities","10":"tag-entertainment","11":"tag-entretenimento","12":"tag-felipe-andreoli","13":"tag-game-dos-100","14":"tag-portugal","15":"tag-pt","16":"tag-rafa-brites"},"share_on_mastodon":{"url":"","error":""},"_links":{"self":[{"href":"https:\/\/www.europesays.com\/pt\/wp-json\/wp\/v2\/posts\/35727","targetHints":{"allow":["GET"]}}],"collection":[{"href":"https:\/\/www.europesays.com\/pt\/wp-json\/wp\/v2\/posts"}],"about":[{"href":"https:\/\/www.europesays.com\/pt\/wp-json\/wp\/v2\/types\/post"}],"author":[{"embeddable":true,"href":"https:\/\/www.europesays.com\/pt\/wp-json\/wp\/v2\/users\/2"}],"replies":[{"embeddable":true,"href":"https:\/\/www.europesays.com\/pt\/wp-json\/wp\/v2\/comments?post=35727"}],"version-history":[{"count":0,"href":"https:\/\/www.europesays.com\/pt\/wp-json\/wp\/v2\/posts\/35727\/revisions"}],"wp:featuredmedia":[{"embeddable":true,"href":"https:\/\/www.europesays.com\/pt\/wp-json\/wp\/v2\/media\/35728"}],"wp:attachment":[{"href":"https:\/\/www.europesays.com\/pt\/wp-json\/wp\/v2\/media?parent=35727"}],"wp:term":[{"taxonomy":"category","embeddable":true,"href":"https:\/\/www.europesays.com\/pt\/wp-json\/wp\/v2\/categories?post=35727"},{"taxonomy":"post_tag","embeddable":true,"href":"https:\/\/www.europesays.com\/pt\/wp-json\/wp\/v2\/tags?post=35727"}],"curies":[{"name":"wp","href":"https:\/\/api.w.org\/{rel}","templated":true}]}}