{"id":357399,"date":"2026-04-25T20:24:18","date_gmt":"2026-04-25T20:24:18","guid":{"rendered":"https:\/\/www.europesays.com\/pt\/357399\/"},"modified":"2026-04-25T20:24:18","modified_gmt":"2026-04-25T20:24:18","slug":"eua-atacam-embarcacao-no-pacifico-oriental-e-matam-duas-pessoas-eua","status":"publish","type":"post","link":"https:\/\/www.europesays.com\/pt\/357399\/","title":{"rendered":"EUA atacam embarca\u00e7\u00e3o no Pac\u00edfico Oriental e matam duas pessoas | EUA"},"content":{"rendered":"<p>As For\u00e7as Armadas dos Estados Unidos anunciaram na madrugada deste s\u00e1bado que atacaram uma embarca\u00e7\u00e3o no Pac\u00edfico Leste, matando duas pessoas. Ofensivas semelhantes t\u00eam sido condenadas por grupos de defesa dos direitos humanos como \u201cexecu\u00e7\u00f5es extrajudiciais\u201d, enquanto Washington as defende como estrat\u00e9gia de combate ao narcotr\u00e1fico.<\/p>\n<p>Atrav\u00e9s de um breve comunicado nas redes sociais, o Comando Sul dos EUA afirmou que a embarca\u00e7\u00e3o atingida pertencia a \u201corganiza\u00e7\u00f5es designadas <a href=\"https:\/\/www.publico.pt\/2026\/03\/04\/mundo\/noticia\/eua-juntamse-operacao-equador-combate-narcoterrorismo-2166849\" target=\"_blank\" rel=\"nofollow noopener\">terroristas<\/a>\u201d, mas n\u00e3o adiantou mais detalhes.<\/p>\n<p>\u201cInforma\u00e7\u00f5es dos servi\u00e7os secretos confirmaram que o barco navegava por conhecidas rotas de <a href=\"https:\/\/www.publico.pt\/2025\/10\/24\/mundo\/noticia\/trump-sobe-tom-navios-guerra-narcotrafico-fazse-terra-2152013\" target=\"_blank\" rel=\"nofollow noopener\">narcotr\u00e1fico<\/a> no Pac\u00edfico Leste e estava envolvido em opera\u00e7\u00f5es de narcotr\u00e1fico\u201d, alegam as tropas norte-americanas. \u201cDois homens narcoterroristas foram mortos nesta ac\u00e7\u00e3o.\u201d<\/p>\n<p>Tamb\u00e9m n\u00e3o foram avan\u00e7ados mais pormenores sobre a identidade das v\u00edtimas. Do lado norte-americano, acrescenta o Comando Sul, n\u00e3o h\u00e1 baixas a registar.<\/p>\n<p>        &#13;<\/p>\n<blockquote class=\"twitter-tweet\">\n<p lang=\"en\" dir=\"ltr\">On April 24, at the direction of <a href=\"https:\/\/twitter.com\/hashtag\/SOUTHCOM?src=hash&amp;ref_src=twsrc%5Etfw\" rel=\"nofollow noopener\" target=\"_blank\">#SOUTHCOM<\/a> commander Gen. Francis L. Donovan, Joint Task Force Southern Spear conducted a lethal kinetic strike on a vessel operated by Designated Terrorist Organizations. Intelligence confirmed the vessel was transiting along known\u2026 <a href=\"https:\/\/t.co\/FRHwqXsHm2\" rel=\"nofollow\">pic.twitter.com\/FRHwqXsHm2<\/a><\/p>\n<p>\u2014 U.S. Southern Command (@Southcom) <a href=\"https:\/\/twitter.com\/Southcom\/status\/2047843084956750278?ref_src=twsrc%5Etfw\" rel=\"nofollow noopener\" target=\"_blank\">April 25, 2026<\/a><\/p><\/blockquote>\n<p>  &#13;<\/p>\n<p>O comunicado foi lan\u00e7ado com um v\u00eddeo de 16 segundos, que mostra uma pequena embarca\u00e7\u00e3o a ser destru\u00edda numa explos\u00e3o em alto-mar.<\/p>\n<p>Os Estados Unidos realizaram, nas \u00faltimas semanas, v\u00e1rios ataques que deixaram v\u00edtimas no Pac\u00edfico Leste. No total, desde Setembro passado, a Administra\u00e7\u00e3o Trump matou mais de 170 tripulantes de embarca\u00e7\u00f5es que navegavam nas <a href=\"https:\/\/www.publico.pt\/2025\/11\/08\/mundo\/noticia\/ataques-eua-caraibas-pacifico-ja-mataram-69-pessoas-2153867\" target=\"_blank\" rel=\"nofollow noopener\">Cara\u00edbas e no Pac\u00edfico<\/a>, acusando-os de ser traficantes de droga, com liga\u00e7\u00f5es a cart\u00e9is da Am\u00e9rica Central e do Sul.<\/p>\n<p>Em reac\u00e7\u00e3o, a Human Rights Watch e a Amnistia Internacional, entre v\u00e1rias outras organiza\u00e7\u00f5es internacionais, denunciaram os ataques como \u201cexecu\u00e7\u00f5es extrajudiciais ilegais\u201d. Dos EUA, a Uni\u00e3o Americana das Liberdades Civis (ACLU, na sigla original) classificou as acusa\u00e7\u00f5es do Governo Trump contra os seus alvos como \u201cafirma\u00e7\u00f5es infundadas e alarmistas.\u201d <strong>Com Reuters<\/strong><\/p>\n<p>            <script async src=\"https:\/\/platform.twitter.com\/widgets.js\" charset=\"utf-8\"><\/script><\/p>\n","protected":false},"excerpt":{"rendered":"As For\u00e7as Armadas dos Estados Unidos anunciaram na madrugada deste s\u00e1bado que atacaram uma embarca\u00e7\u00e3o no Pac\u00edfico Leste,&hellip;\n","protected":false},"author":2,"featured_media":357400,"comment_status":"","ping_status":"","sticky":false,"template":"","format":"standard","meta":{"footnotes":"","_share_on_mastodon":"0"},"categories":[50],"tags":[27,28,92,235,413,15,16,14,25,26,21,22,62,7808,12,13,19,20,777,23,24,17,18,29,30,31,63,64,65],"class_list":["post-357399","post","type-post","status-publish","format-standard","has-post-thumbnail","category-mundo","tag-breaking-news","tag-breakingnews","tag-donald-trump","tag-estados-unidos","tag-eua","tag-featured-news","tag-featurednews","tag-headlines","tag-latest-news","tag-latestnews","tag-main-news","tag-mainnews","tag-mundo","tag-narcotrafico","tag-news","tag-noticias","tag-noticias-principais","tag-noticiasprincipais","tag-oceano-pacifico","tag-principais-noticias","tag-principaisnoticias","tag-top-stories","tag-topstories","tag-ultimas","tag-ultimas-noticias","tag-ultimasnoticias","tag-world","tag-world-news","tag-worldnews"],"share_on_mastodon":{"url":"https:\/\/pubeurope.com\/@pt\/116467221731912565","error":""},"_links":{"self":[{"href":"https:\/\/www.europesays.com\/pt\/wp-json\/wp\/v2\/posts\/357399","targetHints":{"allow":["GET"]}}],"collection":[{"href":"https:\/\/www.europesays.com\/pt\/wp-json\/wp\/v2\/posts"}],"about":[{"href":"https:\/\/www.europesays.com\/pt\/wp-json\/wp\/v2\/types\/post"}],"author":[{"embeddable":true,"href":"https:\/\/www.europesays.com\/pt\/wp-json\/wp\/v2\/users\/2"}],"replies":[{"embeddable":true,"href":"https:\/\/www.europesays.com\/pt\/wp-json\/wp\/v2\/comments?post=357399"}],"version-history":[{"count":0,"href":"https:\/\/www.europesays.com\/pt\/wp-json\/wp\/v2\/posts\/357399\/revisions"}],"wp:featuredmedia":[{"embeddable":true,"href":"https:\/\/www.europesays.com\/pt\/wp-json\/wp\/v2\/media\/357400"}],"wp:attachment":[{"href":"https:\/\/www.europesays.com\/pt\/wp-json\/wp\/v2\/media?parent=357399"}],"wp:term":[{"taxonomy":"category","embeddable":true,"href":"https:\/\/www.europesays.com\/pt\/wp-json\/wp\/v2\/categories?post=357399"},{"taxonomy":"post_tag","embeddable":true,"href":"https:\/\/www.europesays.com\/pt\/wp-json\/wp\/v2\/tags?post=357399"}],"curies":[{"name":"wp","href":"https:\/\/api.w.org\/{rel}","templated":true}]}}