{"id":357417,"date":"2026-04-25T20:40:12","date_gmt":"2026-04-25T20:40:12","guid":{"rendered":"https:\/\/www.europesays.com\/pt\/357417\/"},"modified":"2026-04-25T20:40:12","modified_gmt":"2026-04-25T20:40:12","slug":"snapdragon-no-galaxy-s27-ultra-qualcomm-reforca-parceria-com-samsung","status":"publish","type":"post","link":"https:\/\/www.europesays.com\/pt\/357417\/","title":{"rendered":"Snapdragon no Galaxy S27 Ultra? Qualcomm refor\u00e7a parceria com Samsung"},"content":{"rendered":"<p>Pelo visto, a parceria envolvendo a <strong>Samsung<\/strong> e a Qualcomm est\u00e1 lonage de chegar ao fim. Amigas de longa data, as empresas j\u00e1 est\u00e3o dando os pr\u00f3ximos passos para anunciar novidades para as pr\u00f3ximas gera\u00e7\u00f5es. E agora, um v\u00eddeo recente publicado pela fabricante de chips refor\u00e7a a longa parceria entre as empresas e sugere que o <strong>Galaxy S27 Ultra <\/strong>pode continuar apostando em processadores Snapdragon.<\/p>\n<p>No v\u00eddeo divulgado, a <strong>Qualcomm<\/strong> relembra diversos modelos premium da<strong> Samsung<\/strong> que utilizaram chips da linha Snapdragon ao longo dos anos. A publica\u00e7\u00e3o termina com a frase <strong>&#8220;e ainda h\u00e1 muito mais por vir&#8221;<\/strong>, o que foi interpretado como um indicativo direto de continuidade dessa colabora\u00e7\u00e3o, especialmente no modelo mais avan\u00e7ado da marca.<\/p>\n<p>            &#13;<br \/>\n                    &#13;<br \/>\n                        &#13;<br \/>\n                        &#13;<br \/>\n                        &#13;<br \/>\n                        &#13;<br \/>\n                        <img decoding=\"async\" loading=\"lazy\" width=\"330\" height=\"186\" src=\"https:\/\/www.europesays.com\/pt\/wp-content\/uploads\/2026\/04\/s26ultra-3-1.jpg\"  alt=\"O Galaxy S26 Ultra chegou em Fevereiro de 2026 com Snapdragon 8 Elite Gen 5\" title=\"O Galaxy S26 Ultra chegou em Fevereiro de 2026 com Snapdragon 8 Elite Gen 5\"\/>&#13;<br \/>\n                    O <a class=\"lib tg-lib\" href=\"https:\/\/www.oficinadanet.com.br\/smartphones\/samsung-galaxy-s26-ultra\/noticias\" rel=\"nofollow noopener\" target=\"_blank\">Galaxy S26 Ultra<\/a> chegou em Fevereiro de 2026 com <a class=\"lib tg-lib\" href=\"https:\/\/www.oficinadanet.com.br\/onresponde\/64103-o-que-e-snapdragon-8-elite\" rel=\"nofollow noopener\" target=\"_blank\">Snapdragon 8 Elite<\/a> Gen 5&#13;<\/p>\n<p>Relat\u00f3rios anteriores j\u00e1 apontavam que o Galaxy S27 Ultra deve ser equipado com o <strong>Snapdragon 8 Elite Gen 6 Pro<\/strong>, identificado internamente como SM8975. A expectativa \u00e9 que essa vers\u00e3o &#8220;Pro&#8221; seja reservada justamente para os modelos mais caros, enquando os modelos base e Plus devem seguir com processadores Exynos.<\/p>\n<p>E os chips Exynos?<\/p>\n<p>Nos \u00faltimos anos, a <a class=\"lib tg-lib\" href=\"https:\/\/www.oficinadanet.com.br\/samsung\" rel=\"nofollow noopener\" target=\"_blank\">Samsung<\/a> tem alternado entre chips pr\u00f3prios <strong>Exynos<\/strong> e solu\u00e7\u00f5es da Qualcomm. A linha<strong> Galaxy S26<\/strong>, por exemplo, marcou o retorno do Exynos em parte da s\u00e9rie, mas manteve o Snapdragon no modelo Ultra \u2014 uma decis\u00e3o vista como segura ap\u00f3s cr\u00edticas a vers\u00f5es anteriores do chip pr\u00f3prio.<\/p>\n<p>Com <a class=\"lib tg-lib\" href=\"https:\/\/www.oficinadanet.com.br\/rumores\" rel=\"nofollow noopener\" target=\"_blank\">rumores<\/a> de que a <strong>Samsung<\/strong> pretende expandir o uso de seus pr\u00f3prios processadores no futuro, a movimenta\u00e7\u00e3o da Qualcomm surge como uma forma de refor\u00e7ar sua presen\u00e7a e influ\u00eancia dentro da linha Galaxy S.<\/p>\n<p><a href=\"https:\/\/www.sammyfans.com\/2026\/04\/24\/qualcomm-galaxy-s27-snapdragon-chip-tease\/\" class=\"tg-link-manual\" rel=\"nofollow  noopener\" target=\"_blank\">Fonte<\/a><\/p>\n","protected":false},"excerpt":{"rendered":"Pelo visto, a parceria envolvendo a Samsung e a Qualcomm est\u00e1 lonage de chegar ao fim. Amigas de&hellip;\n","protected":false},"author":2,"featured_media":357418,"comment_status":"","ping_status":"","sticky":false,"template":"","format":"standard","meta":{"footnotes":"","_share_on_mastodon":"0"},"categories":[84],"tags":[109,107,108,13,32,33,795,952,105,103,104,40071,106,110],"class_list":["post-357417","post","type-post","status-publish","format-standard","has-post-thumbnail","category-ciencia-e-tecnologia","tag-ciencia","tag-ciencia-e-tecnologia","tag-cienciaetecnologia","tag-noticias","tag-portugal","tag-pt","tag-qualcomm","tag-samsung","tag-science","tag-science-and-technology","tag-scienceandtechnology","tag-snapdragon","tag-technology","tag-tecnologia"],"share_on_mastodon":{"url":"https:\/\/pubeurope.com\/@pt\/116467284549701272","error":""},"_links":{"self":[{"href":"https:\/\/www.europesays.com\/pt\/wp-json\/wp\/v2\/posts\/357417","targetHints":{"allow":["GET"]}}],"collection":[{"href":"https:\/\/www.europesays.com\/pt\/wp-json\/wp\/v2\/posts"}],"about":[{"href":"https:\/\/www.europesays.com\/pt\/wp-json\/wp\/v2\/types\/post"}],"author":[{"embeddable":true,"href":"https:\/\/www.europesays.com\/pt\/wp-json\/wp\/v2\/users\/2"}],"replies":[{"embeddable":true,"href":"https:\/\/www.europesays.com\/pt\/wp-json\/wp\/v2\/comments?post=357417"}],"version-history":[{"count":0,"href":"https:\/\/www.europesays.com\/pt\/wp-json\/wp\/v2\/posts\/357417\/revisions"}],"wp:featuredmedia":[{"embeddable":true,"href":"https:\/\/www.europesays.com\/pt\/wp-json\/wp\/v2\/media\/357418"}],"wp:attachment":[{"href":"https:\/\/www.europesays.com\/pt\/wp-json\/wp\/v2\/media?parent=357417"}],"wp:term":[{"taxonomy":"category","embeddable":true,"href":"https:\/\/www.europesays.com\/pt\/wp-json\/wp\/v2\/categories?post=357417"},{"taxonomy":"post_tag","embeddable":true,"href":"https:\/\/www.europesays.com\/pt\/wp-json\/wp\/v2\/tags?post=357417"}],"curies":[{"name":"wp","href":"https:\/\/api.w.org\/{rel}","templated":true}]}}