{"id":357498,"date":"2026-04-25T21:54:31","date_gmt":"2026-04-25T21:54:31","guid":{"rendered":"https:\/\/www.europesays.com\/pt\/357498\/"},"modified":"2026-04-25T21:54:31","modified_gmt":"2026-04-25T21:54:31","slug":"investimento-de-150-milhoes-vai-erguer-dois-arranha-ceus-em-gaia-ate-2030-e-transformar-a-margem-sul-do-douro","status":"publish","type":"post","link":"https:\/\/www.europesays.com\/pt\/357498\/","title":{"rendered":"investimento de 150 milh\u00f5es vai erguer dois arranha-c\u00e9us em Gaia at\u00e9 2030 e transformar a margem sul do Douro"},"content":{"rendered":"<p><strong>As Haya Towers<\/strong> v\u00e3o marcar o horizonte de Vila Nova de Gaia at\u00e9 2030. <strong>S\u00e3o dois arranha-c\u00e9us, com uma altura de 107,5 metros &#8211; dos mais altos do pa\u00eds -, num total de 361 apartamentos.<\/strong> O projeto \u00e9 das promotoras imobili\u00e1rias Krest e Glowing Merit, que v\u00e3o investir 150 milh\u00f5es de euros. A constru\u00e7\u00e3o deste bairro vertical, que ter\u00e1 cerca de mil habitantes, arranca no in\u00edcio de 2027 e em quatro anos transformar\u00e1 a margem sul do Douro. Centralidade, mobilidade e conveni\u00eancia, aliadas a uma arquitetura contempor\u00e2nea e a um conjunto de comodidades partilhadas, s\u00e3o alguns dos atributos que o CEO da Krest, Claude Kandiyoti, destaca no empreendimento.<\/p>\n<p>A mobilidade foi mesmo o fator decisivo para avan\u00e7ar com este investimento. <strong>\u201cA liga\u00e7\u00e3o direta atrav\u00e9s da linha de metro [em constru\u00e7\u00e3o], que encurta o tempo de tr\u00e2nsito de Gaia para o centro da cidade do Porto de 45 para 15 minutos,\u201d foi determinante para a decis\u00e3o<\/strong>, frisa Claude Kandiyoti. Gaia \u00e9 tamb\u00e9m, hoje, \u201cuma das \u00e1reas de crescimento mais din\u00e2micas e promissoras dentro da regi\u00e3o metropolitana do Porto\u201d e tem \u201cmassa cr\u00edtica para suportar conceitos residenciais inovadores que combinam escala, qualidade de vida e cria\u00e7\u00e3o de valor a longo prazo\u201d, defende. Sem esquecer que \u00e9 \u201cuma localiza\u00e7\u00e3o onde o estilo de vida, a liga\u00e7\u00e3o com o rio e o oceano tornam muito atrativa\u201d, sublinha.<\/p>\n<p>As Hays Towers prometem trazer um modo de vida urbano e comunit\u00e1rio. <strong>O projeto \u201cfoi concebido em torno da ideia de <\/strong><strong>Living It Up<\/strong><strong> &#8211; uma nova forma de viver o conceito de cidade vertical\u201d<\/strong>, democratizando o acesso \u00e0s vistas da cidade do Porto e rio Douro, explica. E ir\u00e1 dispor de comodidades premium: servi\u00e7o de concierge, piscina interior, sauna e banho turco, dois gin\u00e1sios, sala de lockers, lavandaria, pet spa e bike parking, Sky Club (com lounge, sala de televis\u00e3o, cowork, studio gym e uma \u00e1rea privada para eventos), jardins e local dedicado \u00e0s crian\u00e7as. Todos estes espa\u00e7os foram pensados para usufruto de todos os moradores, numa \u00f3tica de comunidade e bairro vertical.<\/p>\n<p><strong>O projeto foi desenhado para integrar v\u00e1rias tipologias residenciais, desde lofts e est\u00fadios T0 a apartamentos de T1 a T5.<\/strong> Segundo Claude Kandiyoti, as pr\u00e9-vendas arrancam em junho e o lan\u00e7amento oficial est\u00e1 previsto para outubro. <strong>A Krest tem tr\u00eas projetos imobili\u00e1rios em desenvolvimento no pa\u00eds e oito em carteira para os pr\u00f3ximos cinco anos. Claude Kandiyoti revela que representam um investimento total de 650 milh\u00f5es de euros.<\/strong><\/p>\n","protected":false},"excerpt":{"rendered":"As Haya Towers v\u00e3o marcar o horizonte de Vila Nova de Gaia at\u00e9 2030. S\u00e3o dois arranha-c\u00e9us, com&hellip;\n","protected":false},"author":2,"featured_media":357499,"comment_status":"","ping_status":"","sticky":false,"template":"","format":"standard","meta":{"footnotes":"","_share_on_mastodon":"0"},"categories":[83],"tags":[88,89,90,9684,1228,9399,60912,32,22727,33],"class_list":["post-357498","post","type-post","status-publish","format-standard","has-post-thumbnail","category-empresas","tag-business","tag-economy","tag-empresas","tag-gaia","tag-imobiliario","tag-investimento","tag-krest","tag-portugal","tag-promocao-imobiliaria","tag-pt"],"share_on_mastodon":{"url":"https:\/\/pubeurope.com\/@pt\/116467575509548475","error":""},"_links":{"self":[{"href":"https:\/\/www.europesays.com\/pt\/wp-json\/wp\/v2\/posts\/357498","targetHints":{"allow":["GET"]}}],"collection":[{"href":"https:\/\/www.europesays.com\/pt\/wp-json\/wp\/v2\/posts"}],"about":[{"href":"https:\/\/www.europesays.com\/pt\/wp-json\/wp\/v2\/types\/post"}],"author":[{"embeddable":true,"href":"https:\/\/www.europesays.com\/pt\/wp-json\/wp\/v2\/users\/2"}],"replies":[{"embeddable":true,"href":"https:\/\/www.europesays.com\/pt\/wp-json\/wp\/v2\/comments?post=357498"}],"version-history":[{"count":0,"href":"https:\/\/www.europesays.com\/pt\/wp-json\/wp\/v2\/posts\/357498\/revisions"}],"wp:featuredmedia":[{"embeddable":true,"href":"https:\/\/www.europesays.com\/pt\/wp-json\/wp\/v2\/media\/357499"}],"wp:attachment":[{"href":"https:\/\/www.europesays.com\/pt\/wp-json\/wp\/v2\/media?parent=357498"}],"wp:term":[{"taxonomy":"category","embeddable":true,"href":"https:\/\/www.europesays.com\/pt\/wp-json\/wp\/v2\/categories?post=357498"},{"taxonomy":"post_tag","embeddable":true,"href":"https:\/\/www.europesays.com\/pt\/wp-json\/wp\/v2\/tags?post=357498"}],"curies":[{"name":"wp","href":"https:\/\/api.w.org\/{rel}","templated":true}]}}