{"id":357832,"date":"2026-04-26T07:43:12","date_gmt":"2026-04-26T07:43:12","guid":{"rendered":"https:\/\/www.europesays.com\/pt\/357832\/"},"modified":"2026-04-26T07:43:12","modified_gmt":"2026-04-26T07:43:12","slug":"primeiro-seguro-falou-para-os-jovens-e-depois-os-jovens-falaram-para-seguro-25-de-abril","status":"publish","type":"post","link":"https:\/\/www.europesays.com\/pt\/357832\/","title":{"rendered":"Primeiro, Seguro falou para os jovens e, depois, os jovens falaram para Seguro | 25 de Abril"},"content":{"rendered":"<p>Depois da <a href=\"https:\/\/www.publico.pt\/2026\/04\/25\/politica\/noticia\/atentos-alertas-jovens-seguro-pede-transparencia-financiamento-partidos-2172537\" target=\"_self\" rel=\"nofollow noopener\">solenidade da manh\u00e3<\/a>, em que, num <a href=\"https:\/\/www.publico.pt\/2026\/04\/25\/politica\/noticia\/direita-reclamou-25-abril-donos-esquerda-alertou-retrocessos-2172545\" target=\"_self\" rel=\"nofollow noopener\">Parlamento pintado de cravos<\/a>, deixou alertas aos jovens e pediu transpar\u00eancia no financiamento dos partidos, Ant\u00f3nio Jos\u00e9 Seguro dividiu a tarde do seu primeiro 25 de Abril enquanto Presidente da Rep\u00fablica entre m\u00fasica, poesia e debate. Juntou um grupo de 25 jovens com quem renovou o compromisso de fazer uma &#8220;coliga\u00e7\u00e3o&#8221;.<\/p>\n<p><a href=\"https:\/\/www.publico.pt\/2026\/04\/25\/politica\/noticia\/seguro-discursa-presidente-primeira-25-abril-2172483\" target=\"_self\" rel=\"nofollow noopener\">Neste s\u00e1bado<\/a>, as portas do Pal\u00e1cio de Bel\u00e9m abriram-se para receber quase duas mil pessoas que, de cravos na m\u00e3o ou na lapela, pintaram os jardins de vermelho. Debaixo de sol quente, muitos esperaram mais de uma hora na fila para entrar na resid\u00eancia oficial do Presidente da Rep\u00fablica onde, neste 25 de Abril, se esperavam concertos e performances.<\/p>\n<p>A abrir as celebra\u00e7\u00f5es, Paulo de Carvalho e o filho, Agir, subiram a palco para cantar a Revolu\u00e7\u00e3o. Como n\u00e3o podia deixar de ser, o alinhamento incluiu a m\u00fasica E Depois do Adeus, a senha inicial do 25 de Abril. Depois, neste s\u00e1bado, como na madrugada de h\u00e1 52 anos, cantou-se Gr\u00e2ndola, Vila Morena. Seguiu-se uma performance po\u00e9tica de Alice Neto de Sousa, acompanhada por Giulia Gallina. Maria Caetano Vilalobos, Maze, Muleca XIII e Sir Scratch protagonizaram a actua\u00e7\u00e3o \u201cPalavra Futuro\u201d e Raquel Marinho, acompanhada ao piano por Filipe Raposo, interpretou o recital &#8220;o poema ensina a cair na liberdade&#8221;.<\/p>\n<p>Ao longo de toda a tarde, Ant\u00f3nio Jos\u00e9 Seguro, sempre de cravo na lapela, acompanhado pela mulher, Margarida Maldonado Freitas, vestida de vermelho vivo, estiveram nos jardins, a distribuir cumprimentos e a tirar fotografias. Noutro espa\u00e7o, o Presidente da Rep\u00fablica recebeu em audi\u00eancia Rui Coimbras, presidente da Federa\u00e7\u00e3o das Associa\u00e7\u00f5es Portuguesas de Paralisia Cerebral. O encontro serviu para Rui Coimbras mostrar a Seguro um equipamento que permite a pessoas com defici\u00eancia votar autonomamente.<\/p>\n<p>        &#13;<\/p>\n<p>&#13;<br \/>\n                &#13;\n            <\/p>\n<p>&#13;<\/p>\n<p>Seguro quer &#8220;coliga\u00e7\u00e3o com os jovens&#8221;<\/p>\n<p>E se come\u00e7ou o primeiro 25 de Abril enquanto Presidente a <a href=\"https:\/\/www.publico.pt\/2026\/04\/25\/politica\/noticia\/liberdade-nao-desaparece-so-desaparece-leia-discurso-presidente-integra-2172544\" target=\"_self\" rel=\"nofollow noopener\">falar para os jovens<\/a>, avisando que a liberdade n\u00e3o pode ser tratada &#8220;como garantida&#8221;, Ant\u00f3nio Jos\u00e9 Seguro terminou o dia a ouvi-los. No \u00faltimo ponto de um<a href=\"https:\/\/www.publico.pt\/2026\/04\/24\/politica\/noticia\/25-abril-tres-vozes-solenidade-parlamento-teatro-sao-bento-futuro-belem-2172403\" target=\"_self\" rel=\"nofollow noopener\"> programa extenso<\/a>, o chefe de Estado quis \u201cfalar muito pouco\u201d e \u201couvir\u201d os 25 jovens que convidou para um debate nos jardins.<\/p>\n<p>Os jovens eram os mesmos com quem, no dia da sua tomada de posse enquanto Presidente da Rep\u00fablica, teve um debate no Instituto Superior de Ci\u00eancias Sociais e Pol\u00edticas da Universidade de Lisboa (ISCSP).<\/p>\n<p>Nesse dia, <a href=\"https:\/\/www.publico.pt\/2026\/03\/09\/politica\/noticia\/entra-seguro-sai-marcelo-dia-novo-inquilino-palacio-belem-2167353\" target=\"_self\" rel=\"nofollow noopener\">dizia querer uma &#8220;coliga\u00e7\u00e3o&#8221; com a juventude<\/a> e, neste s\u00e1bado, insistiu na ideia. &#8220;Corresponde \u00e0 minha ambi\u00e7\u00e3o e tamb\u00e9m \u00e0 prioridade deste mandato, fazer uma grande coliga\u00e7\u00e3o com os jovens portugueses&#8221;, sublinhou, numa curta interven\u00e7\u00e3o, antes de ouvir as preocupa\u00e7\u00f5es e os desafios lan\u00e7ados pelos mais novos.<\/p>\n<p>Em interven\u00e7\u00f5es com cerca de tr\u00eas minutos, os jovens \u2014 m\u00e9dicos, professores, estudantes, vindos de Bragan\u00e7a, do Fund\u00e3o ou do Algarve \u2014 foram diagnosticando os problemas do pa\u00eds, fazendo cr\u00edticas, deixando apelos, apontando caminhos.<\/p>\n<p>Da necessidade de descentraliza\u00e7\u00e3o e de combater as assimetrias territoriais \u00e0 falta de literacia hist\u00f3rica e pol\u00edtica da juventude, passando pela defesa da reforma do sistema eleitoral, foram v\u00e1rios os temas trazidos pelos convidados presidenciais. E sem esquecer os perigos que enfrenta a democracia, nomeadamente a desinforma\u00e7\u00e3o ou a desconfian\u00e7a que uma parte da popula\u00e7\u00e3o sente nas institui\u00e7\u00f5es. Houve ainda quem dedicasse o discurso aos crimes contra mulheres ou \u00e0 import\u00e2ncia de aprofundar a integra\u00e7\u00e3o europeia. De resto, o chefe de Estado ouviu um reparo: n\u00e3o h\u00e1 ningu\u00e9m com menos de 35 anos no <a href=\"https:\/\/www.publico.pt\/2026\/04\/16\/politica\/noticia\/vai-sentarse-mesa-novo-conselho-estado-provedor-ja-marcelo-2171489\" target=\"_self\" rel=\"nofollow noopener\">novo Conselho de Estado<\/a>.<\/p>\n<p>Escutados os 25 jovens, Ant\u00f3nio Jos\u00e9 Seguro dirigiu-se \u00e0s dezenas de pessoas que assistiam \u00e0 conversa para perguntar se &#8220;confirmam ou desmentem&#8221; que \u00e9 um &#8220;mito&#8221; que a juventude n\u00e3o se interessa pelo futuro do pa\u00eds e n\u00e3o tem ideias. E a assist\u00eancia confirmou o que as interven\u00e7\u00f5es j\u00e1 tinham mostrado.<\/p>\n<p>Por querer ouvir e n\u00e3o falar, o Presidente da Rep\u00fablica n\u00e3o respondeu \u00e0s interven\u00e7\u00f5es, defendendo que o seu papel \u00e9 dar \u00e0 juventude o &#8220;espa\u00e7o&#8221; necess\u00e1rio. &#8220;Darei voz \u00e0s vossas propostas&#8221;, &#8220;ideias&#8221; e &#8220;\u00e0 vossa generosidade&#8221;, prometeu, assinalando que, por tr\u00e1s das propostas trazidas pelos jovens, se viram &#8220;valores&#8221; e &#8220;princ\u00edpios&#8221;.<\/p>\n<p>E renovou um apelo que j\u00e1 tinha feito: &#8220;Mudem a pol\u00edtica para mudar o pa\u00eds&#8221;. &#8220;Entrem na pol\u00edtica&#8221;, continuou, apontando que \u00e9 preciso &#8220;voltar a sonhar&#8221;. &#8220;Conto convosco&#8221;, frisou. E, respondendo ao desafio de um dos jovens, que tinha sugerido um novo encontro para daqui a um ano, rematou: &#8220;Um ano \u00e9 tarde demais, tem de ser antes.&#8221;<\/p>\n","protected":false},"excerpt":{"rendered":"Depois da solenidade da manh\u00e3, em que, num Parlamento pintado de cravos, deixou alertas aos jovens e pediu&hellip;\n","protected":false},"author":2,"featured_media":357833,"comment_status":"","ping_status":"","sticky":false,"template":"","format":"standard","meta":{"footnotes":"","_share_on_mastodon":"0"},"categories":[8],"tags":[2534,3399,27,28,15,16,14,25,26,21,22,12,13,19,20,8349,52,32,1963,23,24,33,60714,17,18,29,30,31],"class_list":["post-357832","post","type-post","status-publish","format-standard","has-post-thumbnail","category-principais-noticias","tag-25-de-abril","tag-antonio-jose-seguro","tag-breaking-news","tag-breakingnews","tag-featured-news","tag-featurednews","tag-headlines","tag-latest-news","tag-latestnews","tag-main-news","tag-mainnews","tag-news","tag-noticias","tag-noticias-principais","tag-noticiasprincipais","tag-palacio-de-belem","tag-politica","tag-portugal","tag-presidente-da-republica","tag-principais-noticias","tag-principaisnoticias","tag-pt","tag-revolucao-dos-cravos","tag-top-stories","tag-topstories","tag-ultimas","tag-ultimas-noticias","tag-ultimasnoticias"],"share_on_mastodon":{"url":"","error":"Validation failed: Text character limit of 500 exceeded"},"_links":{"self":[{"href":"https:\/\/www.europesays.com\/pt\/wp-json\/wp\/v2\/posts\/357832","targetHints":{"allow":["GET"]}}],"collection":[{"href":"https:\/\/www.europesays.com\/pt\/wp-json\/wp\/v2\/posts"}],"about":[{"href":"https:\/\/www.europesays.com\/pt\/wp-json\/wp\/v2\/types\/post"}],"author":[{"embeddable":true,"href":"https:\/\/www.europesays.com\/pt\/wp-json\/wp\/v2\/users\/2"}],"replies":[{"embeddable":true,"href":"https:\/\/www.europesays.com\/pt\/wp-json\/wp\/v2\/comments?post=357832"}],"version-history":[{"count":0,"href":"https:\/\/www.europesays.com\/pt\/wp-json\/wp\/v2\/posts\/357832\/revisions"}],"wp:featuredmedia":[{"embeddable":true,"href":"https:\/\/www.europesays.com\/pt\/wp-json\/wp\/v2\/media\/357833"}],"wp:attachment":[{"href":"https:\/\/www.europesays.com\/pt\/wp-json\/wp\/v2\/media?parent=357832"}],"wp:term":[{"taxonomy":"category","embeddable":true,"href":"https:\/\/www.europesays.com\/pt\/wp-json\/wp\/v2\/categories?post=357832"},{"taxonomy":"post_tag","embeddable":true,"href":"https:\/\/www.europesays.com\/pt\/wp-json\/wp\/v2\/tags?post=357832"}],"curies":[{"name":"wp","href":"https:\/\/api.w.org\/{rel}","templated":true}]}}