{"id":358474,"date":"2026-04-26T19:01:20","date_gmt":"2026-04-26T19:01:20","guid":{"rendered":"https:\/\/www.europesays.com\/pt\/358474\/"},"modified":"2026-04-26T19:01:20","modified_gmt":"2026-04-26T19:01:20","slug":"bernardina-brito-sustentada-por-badoxa","status":"publish","type":"post","link":"https:\/\/www.europesays.com\/pt\/358474\/","title":{"rendered":"Bernardina Brito sustentada por Badoxa?"},"content":{"rendered":"<p>Nos \u00faltimos dias t\u00eam crescido os rumores de que <a href=\"https:\/\/selfie.iol.pt\/famosos\/bernardina-brito\/badoxa-declara-se-a-bernardina-brito-e-revela-tudo-comecou-no\/20260423\/69ea4effd34e28842c8342f7\" target=\"_blank\" rel=\"nofollow noopener\">Bernardina Brito<\/a> e <a href=\"https:\/\/selfie.iol.pt\/famosos\/bernardina-brito\/bernardina-brito-e-badoxa-apaixonados\/20260421\/69e77994d34e28842c832a12\" target=\"_blank\" rel=\"nofollow noopener\">Badoxa<\/a> estar\u00e3o apaixonados. Sem assumir diretamente o romance, o cantor fez uma declara\u00e7\u00e3o \u00e0 ex-concorrente de &#8220;Secret Story&#8221; e assumiu: &#8220;Estou feliz.&#8221;<\/p>\n<p>Badoxa aparece a cantar o tema &#8220;Controla&#8221;, acrescentando um trocadilho \u00e0 letra original, no qual revela: &#8220;Tudo come\u00e7ou num videoclipe.&#8221; A frase parece aludir ao momento em que os dois se aproximaram durante a grava\u00e7\u00e3o de um videoclipe do artista.<\/p>\n<p>Entretanto, o alegado romance tem conquistado elogios, assim como tem somado uma ou outra farpa. Por exemplo, uma internauta levantou a hip\u00f3tese de Bernardina Brito usar Badoxa para sustento pr\u00f3prio e dos dois filhos.<\/p>\n<p>E a ex-concorrente de &#8220;<a href=\"https:\/\/tvi.iol.pt\/secretstory\/\" target=\"_blank\" rel=\"nofollow noopener\">Secret Story &#8211; Casa dos Segredos<\/a>&#8221; j\u00e1 respondeu, recorrendo ao Instagram: &#8220;Aquelas que n\u00e3o t\u00eam mais nada a fazer e fazem este tipo de coment\u00e1rios para eu aproveitar o homenzinho, no sentido pequenino, que ele banca tudo, que ele paga tudo, para eu ir curtir a vida com os meus filhos, para aproveitar que ele banca. Querida, deixa que te informo, porque est\u00e1s muito mal informada, mas h\u00e1 11 anos que eu crio e mantenho o meu filho sozinha.&#8221;<\/p>\n<p>&#8220;H\u00e1 muito tempo que eu, gra\u00e7as a Deus, sou uma mulher independente. Nunca precisei, e Deus queira que nunca venha a precisar, que seja um homem que me venha a bancar ou a manter&#8221;, acrescentou.<\/p>\n<p>Veja, agora, o v\u00eddeo. E n\u00e3o deixe de espreitar algumas das melhores imagens de Bernardina Brito e Badoxa nas galerias de fotografias que prepar\u00e1mos para si.<\/p>\n","protected":false},"excerpt":{"rendered":"Nos \u00faltimos dias t\u00eam crescido os rumores de que Bernardina Brito e Badoxa estar\u00e3o apaixonados. Sem assumir diretamente&hellip;\n","protected":false},"author":2,"featured_media":351938,"comment_status":"","ping_status":"","sticky":false,"template":"","format":"standard","meta":{"footnotes":"","_share_on_mastodon":"0"},"categories":[142],"tags":[13486,5303,1710,2632,114,115,980,1015,619,32,33,1014,1315,1012,151,162],"class_list":["post-358474","post","type-post","status-publish","format-standard","has-post-thumbnail","category-tv","tag-badoxa","tag-bernardina-brito","tag-cantor","tag-casa-dos-segredos","tag-entertainment","tag-entretenimento","tag-famosos","tag-instagram","tag-nacional","tag-portugal","tag-pt","tag-reality-show","tag-secret-story","tag-selfie","tag-tv","tag-tvi"],"share_on_mastodon":{"url":"https:\/\/pubeurope.com\/@pt\/116472557505567629","error":""},"_links":{"self":[{"href":"https:\/\/www.europesays.com\/pt\/wp-json\/wp\/v2\/posts\/358474","targetHints":{"allow":["GET"]}}],"collection":[{"href":"https:\/\/www.europesays.com\/pt\/wp-json\/wp\/v2\/posts"}],"about":[{"href":"https:\/\/www.europesays.com\/pt\/wp-json\/wp\/v2\/types\/post"}],"author":[{"embeddable":true,"href":"https:\/\/www.europesays.com\/pt\/wp-json\/wp\/v2\/users\/2"}],"replies":[{"embeddable":true,"href":"https:\/\/www.europesays.com\/pt\/wp-json\/wp\/v2\/comments?post=358474"}],"version-history":[{"count":0,"href":"https:\/\/www.europesays.com\/pt\/wp-json\/wp\/v2\/posts\/358474\/revisions"}],"wp:featuredmedia":[{"embeddable":true,"href":"https:\/\/www.europesays.com\/pt\/wp-json\/wp\/v2\/media\/351938"}],"wp:attachment":[{"href":"https:\/\/www.europesays.com\/pt\/wp-json\/wp\/v2\/media?parent=358474"}],"wp:term":[{"taxonomy":"category","embeddable":true,"href":"https:\/\/www.europesays.com\/pt\/wp-json\/wp\/v2\/categories?post=358474"},{"taxonomy":"post_tag","embeddable":true,"href":"https:\/\/www.europesays.com\/pt\/wp-json\/wp\/v2\/tags?post=358474"}],"curies":[{"name":"wp","href":"https:\/\/api.w.org\/{rel}","templated":true}]}}