{"id":358938,"date":"2026-04-27T03:19:20","date_gmt":"2026-04-27T03:19:20","guid":{"rendered":"https:\/\/www.europesays.com\/pt\/358938\/"},"modified":"2026-04-27T03:19:20","modified_gmt":"2026-04-27T03:19:20","slug":"veneza-avisa-sporting-15-milhoes-de-euros-por-doumbia-e-pouco","status":"publish","type":"post","link":"https:\/\/www.europesays.com\/pt\/358938\/","title":{"rendered":"Veneza avisa Sporting: \u00ab15 milh\u00f5es de euros por Doumbia \u00e9 pouco\u00bb"},"content":{"rendered":"<p style=\"margin-bottom:11px\">O Sporting <a href=\"https:\/\/maisfutebol.iol.pt\/sporting\/issa-doumbia\/sporting-tem-issa-doumbia-na-lista-de-potenciais-reforcos\" target=\"_blank\" rel=\"nofollow noopener\"><strong>est\u00e1 interessado em Issa Doumbia<\/strong><\/a>, mas o treinador do Veneza j\u00e1 avisou que o jovem m\u00e9dio italiano n\u00e3o vai sair a pre\u00e7o de saldo.<\/p>\n<p>O jogador de 22 anos marcou o segundo golo da equipa que lidera a Serie B italiana, no s\u00e1bado, na vit\u00f3ria sobre o Empoli (2-0). Ap\u00f3s o jogo, Giovanni Stroppa confessou que os 15 milh\u00f5es de euros em que est\u00e1 avaliado um eventual neg\u00f3cio s\u00e3o insuficientes para levar Doumbia.<\/p>\n<p>\u00abEsta manh\u00e3 falei com ele \u00e0 frente da equipa e disse que 15 milh\u00f5es de euros do Sporting por ele \u00e9 pouco. Tem de se valorizar e tentar marcar alguns golos. De certa forma, eu tamb\u00e9m fui um bom motivador [risos]. Brincadeiras \u00e0 parte, acho que ele tem essa capacidade de finalizar. E o mesmo posso dizer sobre\u00a0o Kike P\u00e9rez, porque n\u00e3o estou a dizer que eles podem ser melhores, mas que procurem mais a efic\u00e1cia e n\u00e3o apenas a beleza do jogo. Quando t\u00eam chances, precisam de marcar, tamb\u00e9m a trabalhar como avan\u00e7ados, porque o treinador permite isso\u00bb, disse o t\u00e9cnico do Veneza, em confer\u00eancia de imprensa.<\/p>\n<p>Visto pela SAD leonina como potencial substituto de Hidemasa Morita, Doumbia leva oito golos e quatro assist\u00eancias em 35 jogos esta temporada.<\/p>\n<p><strong>O golo de Doumbia ao Empoli:<\/strong><\/p>\n","protected":false},"excerpt":{"rendered":"O Sporting est\u00e1 interessado em Issa Doumbia, mas o treinador do Veneza j\u00e1 avisou que o jovem m\u00e9dio&hellip;\n","protected":false},"author":2,"featured_media":358939,"comment_status":"","ping_status":"","sticky":false,"template":"","format":"standard","meta":{"footnotes":"","_share_on_mastodon":"0"},"categories":[87],"tags":[135,58972,46,40,42,41,728,32,33,47,34,134,35,232],"class_list":["post-358938","post","type-post","status-publish","format-standard","has-post-thumbnail","category-desporto","tag-desporto","tag-issa-doumbia","tag-maisfutebol","tag-maistransferencias","tag-mercado","tag-mercado-de-transferencias","tag-mercado-sporting","tag-portugal","tag-pt","tag-pura-paixao","tag-sporting","tag-sports","tag-transferencias","tag-veneza"],"share_on_mastodon":{"url":"https:\/\/pubeurope.com\/@pt\/116474516312945583","error":""},"_links":{"self":[{"href":"https:\/\/www.europesays.com\/pt\/wp-json\/wp\/v2\/posts\/358938","targetHints":{"allow":["GET"]}}],"collection":[{"href":"https:\/\/www.europesays.com\/pt\/wp-json\/wp\/v2\/posts"}],"about":[{"href":"https:\/\/www.europesays.com\/pt\/wp-json\/wp\/v2\/types\/post"}],"author":[{"embeddable":true,"href":"https:\/\/www.europesays.com\/pt\/wp-json\/wp\/v2\/users\/2"}],"replies":[{"embeddable":true,"href":"https:\/\/www.europesays.com\/pt\/wp-json\/wp\/v2\/comments?post=358938"}],"version-history":[{"count":0,"href":"https:\/\/www.europesays.com\/pt\/wp-json\/wp\/v2\/posts\/358938\/revisions"}],"wp:featuredmedia":[{"embeddable":true,"href":"https:\/\/www.europesays.com\/pt\/wp-json\/wp\/v2\/media\/358939"}],"wp:attachment":[{"href":"https:\/\/www.europesays.com\/pt\/wp-json\/wp\/v2\/media?parent=358938"}],"wp:term":[{"taxonomy":"category","embeddable":true,"href":"https:\/\/www.europesays.com\/pt\/wp-json\/wp\/v2\/categories?post=358938"},{"taxonomy":"post_tag","embeddable":true,"href":"https:\/\/www.europesays.com\/pt\/wp-json\/wp\/v2\/tags?post=358938"}],"curies":[{"name":"wp","href":"https:\/\/api.w.org\/{rel}","templated":true}]}}