{"id":35961,"date":"2025-08-19T14:14:09","date_gmt":"2025-08-19T14:14:09","guid":{"rendered":"https:\/\/www.europesays.com\/pt\/35961\/"},"modified":"2025-08-19T14:14:09","modified_gmt":"2025-08-19T14:14:09","slug":"toda-a-verdade-sobre-o-fim-do-namoro-de-diogo-bordin-e-carolina-braga-big-brother","status":"publish","type":"post","link":"https:\/\/www.europesays.com\/pt\/35961\/","title":{"rendered":"Toda a verdade sobre o fim do namoro de Diogo Bordin e Carolina Braga &#8211; Big Brother"},"content":{"rendered":"<p style=\"margin-bottom:11px\">Diogo Bordin e Carolina Braga surpreenderam ao confirmar o fim do namoro, ao fim de dois meses de namoro. O amor, que come\u00e7ou no Big Brother 2025, <a href=\"https:\/\/tvi.iol.pt\/bigbrother\/carolina-braga\/diogo-bordin\/acabou-diogo-bordin-e-carolina-braga-do-big-brother-2025-anunciam-separacao\" rel=\"nofollow noopener\" target=\"_blank\">n\u00e3o resistiu e os dois seguiram rumos em separado.<\/a><\/p>\n<p>Muito se tem falado sobre o fim desta rela\u00e7\u00e3o e <strong>Ant\u00f3nio Leal e Silva,<\/strong> grande amigo de Diogo Bordin, veio esclarecer as circunst\u00e2ncias. O comentador garantiu que os agora ex-namorados se continuam a dar bem e que a rutura aconteceu de \u00abcomum acordo\u00bb.<\/p>\n<p>\u00abEles tiveram uma rela\u00e7\u00e3o, como toda a gente sabe. Eu acho que acabou, e a informa\u00e7\u00e3o que tenho \u00e9 que acabou de comum acordo. S\u00e3o duas pessoas civilizadas, que gostam um do outro, que se d\u00e3o bem. N\u00e3o se separaram porque houve conflito, separaram-se porque entenderam os dois\u00bb, declarou.<\/p>\n<p>\u00abEle tem 37 anos, \u00e9 um homem feito. Ela \u00e9 mais nova (\u2026) Mas s\u00e3o pessoas que sabem o que querem. Tomaram uma decis\u00e3o e a vida deles diz respeito apenas a eles \u2014 n\u00e3o diz respeito a f\u00e3s nem a mais ningu\u00e9m\u00bb, fez quest\u00e3o de frisar Ant\u00f3nio Leal e Silva. \u00a0<\/p>\n<p>Ap\u00f3s o fim do namoro, D<a href=\"https:\/\/tvi.iol.pt\/vmais\/videos\/diogo-bordin-abandona-portugal-para-fugir-da-pressao-mediatica\/68a350730cf216cd3ad3a04d\" rel=\"nofollow noopener\" target=\"_blank\">iogo Bordin \u2018fugiu\u2019 de Portugal e encontra-se de f\u00e9rias longe do Pa\u00eds.<\/a><\/p>\n","protected":false},"excerpt":{"rendered":"Diogo Bordin e Carolina Braga surpreenderam ao confirmar o fim do namoro, ao fim de dois meses de&hellip;\n","protected":false},"author":2,"featured_media":35962,"comment_status":"","ping_status":"","sticky":false,"template":"","format":"standard","meta":{"footnotes":""},"categories":[142],"tags":[331,48,2072,329,333,328,335,6989,336,114,115,334,332,330,13,32,33,151,162,227],"class_list":{"0":"post-35961","1":"post","2":"type-post","3":"status-publish","4":"format-standard","5":"has-post-thumbnail","7":"category-tv","8":"tag-big","9":"tag-big-brother","10":"tag-carolina-braga","11":"tag-claudio-ramos","12":"tag-comentadores","13":"tag-concorrentes","14":"tag-confrontos","15":"tag-diogo-bordin","16":"tag-discussoes","17":"tag-entertainment","18":"tag-entretenimento","19":"tag-exclusivos","20":"tag-expulso","21":"tag-gala","22":"tag-noticias","23":"tag-portugal","24":"tag-pt","25":"tag-tv","26":"tag-tvi","27":"tag-videos"},"share_on_mastodon":{"url":"","error":""},"_links":{"self":[{"href":"https:\/\/www.europesays.com\/pt\/wp-json\/wp\/v2\/posts\/35961","targetHints":{"allow":["GET"]}}],"collection":[{"href":"https:\/\/www.europesays.com\/pt\/wp-json\/wp\/v2\/posts"}],"about":[{"href":"https:\/\/www.europesays.com\/pt\/wp-json\/wp\/v2\/types\/post"}],"author":[{"embeddable":true,"href":"https:\/\/www.europesays.com\/pt\/wp-json\/wp\/v2\/users\/2"}],"replies":[{"embeddable":true,"href":"https:\/\/www.europesays.com\/pt\/wp-json\/wp\/v2\/comments?post=35961"}],"version-history":[{"count":0,"href":"https:\/\/www.europesays.com\/pt\/wp-json\/wp\/v2\/posts\/35961\/revisions"}],"wp:featuredmedia":[{"embeddable":true,"href":"https:\/\/www.europesays.com\/pt\/wp-json\/wp\/v2\/media\/35962"}],"wp:attachment":[{"href":"https:\/\/www.europesays.com\/pt\/wp-json\/wp\/v2\/media?parent=35961"}],"wp:term":[{"taxonomy":"category","embeddable":true,"href":"https:\/\/www.europesays.com\/pt\/wp-json\/wp\/v2\/categories?post=35961"},{"taxonomy":"post_tag","embeddable":true,"href":"https:\/\/www.europesays.com\/pt\/wp-json\/wp\/v2\/tags?post=35961"}],"curies":[{"name":"wp","href":"https:\/\/api.w.org\/{rel}","templated":true}]}}