{"id":359654,"date":"2026-04-27T17:32:29","date_gmt":"2026-04-27T17:32:29","guid":{"rendered":"https:\/\/www.europesays.com\/pt\/359654\/"},"modified":"2026-04-27T17:32:29","modified_gmt":"2026-04-27T17:32:29","slug":"o-que-deve-conter-um-kit-de-emergencia-em-caso-de-novo-apagao-conheca-as-recomendacoes-da-deco","status":"publish","type":"post","link":"https:\/\/www.europesays.com\/pt\/359654\/","title":{"rendered":"O que deve conter um kit de emerg\u00eancia em caso de novo apag\u00e3o? Conhe\u00e7a as recomenda\u00e7\u00f5es da DECO"},"content":{"rendered":"<p>&#13;<br \/>\nUm ano depois, a associa\u00e7\u00e3o de defesa do consumidor alerta, em comunicado divulgado esta segunda-feira, para a necessidade de adotar &#8220;<b>comportamentos preventivos que permitam reduzir riscos e aumentar a seguran\u00e7a das fam\u00edlias&#8221;.\u00a0&#13;<br \/>\n<\/b>&#13;\n<\/p>\n<p>&#13;<br \/>\nEntre as principais recomenda\u00e7\u00f5es, est\u00e1 a <b>cria\u00e7\u00e3o de um kit de emerg\u00eancia com bens essenciais.<\/b>&#13;\n<\/p>\n<p>\n&#8220;<b>\u00c1gua, alimentos n\u00e3o perec\u00edveis, medicamentos, lanternas, r\u00e1dio a pilhas e carregadores<\/b>&#8220;, s\u00e3o os produtos que devem constar do <b>kit que permita garantir autonomia durante<\/b>, pelo menos,<b> tr\u00eas dias<\/b>, de acordo com a DECO Proteste. <\/p>\n<p>&#13;<br \/>\nA <b>revis\u00e3o do kit deve ser feita de forma peri\u00f3dica<\/b>, de prefer\u00eancia a cada seis meses, &#8220;para garantir a efic\u00e1cia em situa\u00e7\u00f5es reais&#8221;, recomenda ainda associa\u00e7\u00e3o.&#13;\n<\/p>\n<p>&#13;<br \/>\nComo fazer a revis\u00e3o do kit de emerg\u00eancia?&#13;\n<\/p>\n<p>&#13;<br \/>\nEm primeiro lugar, lembra a DECO Proteste, deve-se <b>confirmar o estado das pilhas e baterias<\/b>, assegurando que lanternas e r\u00e1dios funcionam corretamente e que n\u00e3o existem sinais de desgaste ou fuga.\u00a0&#13;\n<\/p>\n<p>&#13;<br \/>\nAs powerbanks tamb\u00e9m devem ser testadas, uma vez que podem perder capacidade ao longo do tempo. De igual forma, sublinha o comunicado, <b>\u00e9 importante verificar cabos e carregadores<\/b>, garantindo que continuam funcionais e compat\u00edveis com os dispositivos atuais.&#13;\n<\/p>\n<p>&#13;<br \/>\nNo que diz respeito \u00e0 \u00e1gua e aos alimentos, para al\u00e9m da validade, &#8220;\u00e9 fundamental observar o estado das embalagens&#8221;.\u00a0&#13;\n<\/p>\n<p>&#13;<br \/>\nOs <b>medicamentos e o kit de primeiros socorros devem ser revistos com aten\u00e7\u00e3o<\/b>, n\u00e3o s\u00f3 quanto \u00e0 validade, mas tamb\u00e9m \u00e0s tendo em<b>\u00a0conta &#8220;as\u00a0condi\u00e7\u00f5es de armazenamento e \u00e0 adequa\u00e7\u00e3o \u00e0s necessidades espec\u00edficas da fam\u00edlia&#8221;<\/b>, l\u00ea-se no comunicado da DECO Proteste que elenca os produtos que devem estar \u00e0 m\u00e3o quando acontecem situa\u00e7\u00f5es inesperadas.&#13;\n<\/p>\n<p>&#13;<br \/>\nO que deve incluir o kit de sobreviv\u00eancia?Antes de mais, adverte a DECO, conv\u00e9m escolher uma &#8220;mochila de material resistente para guardar comida e bebidas para tr\u00eas dias&#8221;, no m\u00ednimo.\u00a0&#13;\n<\/p>\n<p>&#13;<br \/>\nA mochila deve conter: Garrafas de \u00e1gua; G\u00e9is energ\u00e9ticos (dos que se usam em atividades desportivas), bolachas e chocolates; Comida enlatada (atum, salsichas, leguminosas, papas de beb\u00e9 para os mais novos, etc.) e comida para os animais de estima\u00e7\u00e3o; Fog\u00e3o a g\u00e1s para campismo; Apito, caso seja preciso sinalizar o local onde est\u00e1; Manta de aquecimento; Canivete e isqueiro; Alguns metros de corda; R\u00e1dio e lanterna a pilhas; Powerbank com carregamento de dispositivos eletr\u00f3nicos; Pilhas de substitui\u00e7\u00e3o; Rel\u00f3gio que n\u00e3o precise de ser carregado na corrente; Comprimidos de purifica\u00e7\u00e3o de \u00e1gua; Algum dinheiro, em notas e moedas e c\u00f3pias do cart\u00e3o de cidad\u00e3o de toda a fam\u00edlia.\u00a0&#13;\n<\/p>\n<p>&#13;<br \/>\nO que deve incluir o kit de de primeiros socorros?&#13;\n<\/p>\n<p>&#13;<br \/>\nO <b>se<\/b><b>gundo passo \u00e9 incluir na mochila um estojo de primeiros socorros<\/b> e alguns objetos de seguran\u00e7a.\u00a0&#13;\n<\/p>\n<p><img decoding=\"async\" src=\"https:\/\/www.europesays.com\/pt\/wp-content\/uploads\/2026\/04\/55b70fb1cb429253ed0faa302f84701c.jpeg\"\/><\/p>\n<p>&#13;<br \/>\nNavy Medicine \/ Unsplash&#13;\n<\/p>\n<p>&#13;<br \/>\nO kit deve incluir:\u00a0Compressas, ligaduras, luvas descart\u00e1veis, pensos, adesivos, tesoura, pin\u00e7a, agulhas e alfinete-de-dama; estes objetos ajudam a fazer curativos; Um antis\u00e9tico para desinfetar as feridas, e soro fisiol\u00f3gico para os olhos; Anti-inflamat\u00f3rios, como ibuprofeno, e paracetamol; Antidiarreico; Term\u00f3metro e len\u00e7os de papel; Embalagem extra dos medicamentos de toma regular (por exemplo, para a hipertens\u00e3o, diabetes, etc.) e ainda m\u00e1scaras cir\u00fargicas (tr\u00eas ou quatro unidades por membro da fam\u00edlia).O que deve incluir o kit de emerg\u00eancia para os animais de estima\u00e7\u00e3oA DECO lembra que os animais de companhia n\u00e3o devem ser esquecidos.\u00a0&#13;\n<\/p>\n<p>&#13;<br \/>\nNeste caso, o kit de emerg\u00eancia deve incluir:\u00a0 Ra\u00e7\u00e3o e \u00e1gua para alguns dias; Uma ou duas tigelas; Coleira com identifica\u00e7\u00e3o e trela e c\u00f3pia dos documentos do animal ou animais.\u00a0&#13;\n<\/p>\n<p>&#13;<br \/>\nComo agir em caso de apag\u00e3o?&#13;\n<\/p>\n<p>&#13;<br \/>\nPara al\u00e9m da prepara\u00e7\u00e3o, a DECO Proteste sublinha que <b>agir de forma informada faz toda a diferen\u00e7a para garantir seguran\u00e7a e minimizar impactos<\/b> em caso de um apag\u00e3o ou cat\u00e1strofes naturais.\u00a0&#13;\n<\/p>\n<p>Deixa, por isso, mais alguns conselhos sobre como agir no momento:\u00a0<\/p>\n<p>&#13;<br \/>\n&#8220;<b>A primeira coisa a fazer \u00e9 manter-se informado atrav\u00e9s de fontes fi\u00e1veis&#8221;<\/b>, sublinha o comunicado. Sempre que poss\u00edvel, utilizar um r\u00e1dio a pilhas para acompanhar as comunica\u00e7\u00f5es oficiais, &#8220;uma vez que as <b>redes sociais ou aplica\u00e7\u00f5es de mensagens podem disseminar informa\u00e7\u00e3o incompleta ou incorreta<\/b>&#8220;, adverte a associa\u00e7\u00e3o.\u00a0&#13;\n<\/p>\n<p><b>Em casa, \u00e9 importante reduzir o risco de danos quando a energia for restabelecida. <\/b>Para isso, devem ser desligados da tomada os aparelhos n\u00e3o essenciais, evitando sobrecargas el\u00e9tricas quando a eletricidade regressar. Em rela\u00e7\u00e3o ao frigor\u00edfico e o congelador &#8220;devem manter-se fechados, abrindo-os apenas quando estritamente necess\u00e1rio&#8221;, de forma a conservar a temperatura no interior e preservar os alimentos o m\u00e1ximo de tempo poss\u00edvel.<\/p>\n<p>A &#8220;gest\u00e3o da bateria do telem\u00f3vel&#8221; deve ser feita com cautela, lembra tamb\u00e9m a DECO Proteste: &#8220;Reduzir ao m\u00ednimo a utiliza\u00e7\u00e3o e ligar os dados m\u00f3veis apenas quando necess\u00e1rio, garantindo assim que pelo menos um canal de comunica\u00e7\u00e3o dispon\u00edvel&#8221;.\u00a0<\/p>\n<p>Em rela\u00e7\u00e3o \u00e0s desloca\u00e7\u00f5es, aconselha-se a limitar as viagens ao essencial.\u00a0<\/p>\n","protected":false},"excerpt":{"rendered":"&#13; Um ano depois, a associa\u00e7\u00e3o de defesa do consumidor alerta, em comunicado divulgado esta segunda-feira, para a&hellip;\n","protected":false},"author":2,"featured_media":359655,"comment_status":"","ping_status":"","sticky":false,"template":"","format":"standard","meta":{"footnotes":"","_share_on_mastodon":"0"},"categories":[10],"tags":[2877,27,28,5798,15,16,14,47390,25,26,21,22,12,13,19,20,32,61274,23,24,33,17,18,29,30,31],"class_list":["post-359654","post","type-post","status-publish","format-standard","has-post-thumbnail","category-portugal","tag-apagao","tag-breaking-news","tag-breakingnews","tag-deco","tag-featured-news","tag-featurednews","tag-headlines","tag-kit-de-emergencia","tag-latest-news","tag-latestnews","tag-main-news","tag-mainnews","tag-news","tag-noticias","tag-noticias-principais","tag-noticiasprincipais","tag-portugal","tag-primeiros-socorros","tag-principais-noticias","tag-principaisnoticias","tag-pt","tag-top-stories","tag-topstories","tag-ultimas","tag-ultimas-noticias","tag-ultimasnoticias"],"share_on_mastodon":{"url":"https:\/\/pubeurope.com\/@pt\/116477869976141638","error":""},"_links":{"self":[{"href":"https:\/\/www.europesays.com\/pt\/wp-json\/wp\/v2\/posts\/359654","targetHints":{"allow":["GET"]}}],"collection":[{"href":"https:\/\/www.europesays.com\/pt\/wp-json\/wp\/v2\/posts"}],"about":[{"href":"https:\/\/www.europesays.com\/pt\/wp-json\/wp\/v2\/types\/post"}],"author":[{"embeddable":true,"href":"https:\/\/www.europesays.com\/pt\/wp-json\/wp\/v2\/users\/2"}],"replies":[{"embeddable":true,"href":"https:\/\/www.europesays.com\/pt\/wp-json\/wp\/v2\/comments?post=359654"}],"version-history":[{"count":0,"href":"https:\/\/www.europesays.com\/pt\/wp-json\/wp\/v2\/posts\/359654\/revisions"}],"wp:featuredmedia":[{"embeddable":true,"href":"https:\/\/www.europesays.com\/pt\/wp-json\/wp\/v2\/media\/359655"}],"wp:attachment":[{"href":"https:\/\/www.europesays.com\/pt\/wp-json\/wp\/v2\/media?parent=359654"}],"wp:term":[{"taxonomy":"category","embeddable":true,"href":"https:\/\/www.europesays.com\/pt\/wp-json\/wp\/v2\/categories?post=359654"},{"taxonomy":"post_tag","embeddable":true,"href":"https:\/\/www.europesays.com\/pt\/wp-json\/wp\/v2\/tags?post=359654"}],"curies":[{"name":"wp","href":"https:\/\/api.w.org\/{rel}","templated":true}]}}