{"id":35980,"date":"2025-08-19T14:27:09","date_gmt":"2025-08-19T14:27:09","guid":{"rendered":"https:\/\/www.europesays.com\/pt\/35980\/"},"modified":"2025-08-19T14:27:09","modified_gmt":"2025-08-19T14:27:09","slug":"uma-historia-agridoce-sobre-a-fragilidade-dos-afetos","status":"publish","type":"post","link":"https:\/\/www.europesays.com\/pt\/35980\/","title":{"rendered":"Uma hist\u00f3ria Agridoce sobre a fragilidade dos afetos"},"content":{"rendered":"<p>    Na sua fulgurante estreia liter\u00e1ria, a autora inglesa oferece uma hist\u00f3ria profundamente atual sobre rela\u00e7\u00f5es desequilibradas, trauma e reconstru\u00e7\u00e3o pessoal.\u00a0<strong><a title=\"https:\/\/www.singulareditora.pt\/produtos\/ficha\/agridoce\/32009581\" href=\"https:\/\/www.singulareditora.pt\/produtos\/ficha\/agridoce\/32009581\" data-auth=\"NotApplicable\" data-linkindex=\"1\" rel=\"nofollow noopener\" target=\"_blank\">Agridoce<\/a><\/strong>,\u00a0publicado pela\u00a0<strong>Singular<\/strong>,chancela do Grupo Porto Editora, tornou-se rapidamente um sucesso internacional, aclamado pela cr\u00edtica.<\/p>\n<p>A narrativa tem como protagonista Charlie, uma jovem de 23 anos que trabalha como assistente de publicidade numa editora londrina. Quando se v\u00ea a colaborar diretamente com Richard Aveling, um autor consagrado \u2014 e o seu \u00eddolo liter\u00e1rio de longa data \u2014, mergulha numa rela\u00e7\u00e3o apaixonada e t\u00f3xica, que rapidamente escapa ao seu controlo.<\/p>\n<p>Assim, Agridoce capta com subtileza e honestidade os mecanismos silenciosos da desigualdade emocional, o fasc\u00ednio pelo poder e a fragilidade de quem procura afeto nos lugares errados. Com uma escrita envolvente, precisa e emocionalmente crua,\u00a0<strong>Hattie Williams\u00a0<\/strong>d\u00e1 voz a uma gera\u00e7\u00e3o que vive entre a ambi\u00e7\u00e3o e o desamparo, entre a independ\u00eancia desejada e a car\u00eancia herdada.<\/p>\n<p>Ideal para os f\u00e3s de Coco Mellors e Sally Rooney, o livro j\u00e1 se encontra em pr\u00e9-venda e chega \u00e0s livrarias a 21 de agosto de 2025.<\/p>\n<p>SOBRE O LIVRO<br \/><strong>Agridoce<\/strong><br \/>Charlie tem vinte e tr\u00eas anos, \u00e9 solteira e \u00e9 a nova assistente de publicidade da editora independente londrina Winden e Shane. Richard Aveling tem cinquenta e seis anos, \u00e9 casado e o autor que definiu a sua gera\u00e7\u00e3o. Charlie h\u00e1 muito que idolatra o charmoso e ilustre escritor, que representa tamb\u00e9m uma liga\u00e7\u00e3o \u00e0 sua falecida m\u00e3e, apaixonada pela obra dele. Mas quando embarcam num caso il\u00edcito que os consome, Charlie v\u00ea-se obrigada a esconder a rela\u00e7\u00e3o de todos os que lhe s\u00e3o queridos. E quando o sucesso do \u00faltimo livro de Richard o lan\u00e7a para um novo patamar de fama, onde todo o anonimato se perde, ela percebe que pode estar a envolver-se demasiado\u2026<br \/><a title=\"https:\/\/biblioteca.wook.pt\/sample?bookGuid=32009581-10-BS\" href=\"https:\/\/biblioteca.wook.pt\/sample?bookGuid=32009581-10-BS\" data-auth=\"NotApplicable\" data-linkindex=\"3\" rel=\"nofollow noopener\" target=\"_blank\">Ver primeiras p\u00e1ginas<\/a><\/p>\n<p><strong data-olk-copy-source=\"MessageBody\">T\u00edtulo:\u00a0<\/strong>Agridoce<br \/><strong>Autora:\u00a0<\/strong>Hattie Williams<br \/><strong>Tradu\u00e7\u00e3o:\u00a0<\/strong>Ana Mendes Lopes<br \/><strong>P\u00e1ginas:\u00a0<\/strong>356<br \/><strong>PVP:\u00a0<\/strong>18,85\u20ac<\/p>\n<p>SOBRE A AUTORA<br \/><strong data-olk-copy-source=\"MessageBody\"><img loading=\"lazy\" decoding=\"async\" style=\"float: left; margin: 15px;\" src=\"https:\/\/www.europesays.com\/pt\/wp-content\/uploads\/2025\/08\/hattie.jpg\" alt=\"\" width=\"180\" height=\"179\"\/>Hattie Williams<\/strong><br \/>Hattie Williams deixou os estudos na adolesc\u00eancia para seguir uma carreira como m\u00fasica. Fez digress\u00f5es extensas pela Europa, gravou tr\u00eas \u00e1lbuns e trabalhou como compositora, com as suas faixas a aparecerem regularmente na televis\u00e3o e em servi\u00e7os de\u00a0streaming\u00a0em todo o mundo. Com pouco mais de 20 anos, foi parar ao setor editorial por acaso, e um trabalho tempor\u00e1rio transformou-se numa carreira de 12 anos em que trabalhou com alguns dos maiores autores do mundo. Passa o m\u00e1ximo de tempo poss\u00edvel na Isl\u00e2ndia e organiza e produz o Festival Liter\u00e1rio\u00a0Iceland Noir,\u00a0que se realiza em Reiquiavique, todos os anos em novembro.<\/p>\n","protected":false},"excerpt":{"rendered":"Na sua fulgurante estreia liter\u00e1ria, a autora inglesa oferece uma hist\u00f3ria profundamente atual sobre rela\u00e7\u00f5es desequilibradas, trauma e&hellip;\n","protected":false},"author":2,"featured_media":35981,"comment_status":"","ping_status":"","sticky":false,"template":"","format":"standard","meta":{"footnotes":""},"categories":[143],"tags":[9226,207,169,10650,470,315,3144,114,115,10648,170,150,10649,419,32,33,2387],"class_list":{"0":"post-35980","1":"post","2":"type-post","3":"status-publish","4":"format-standard","5":"has-post-thumbnail","7":"category-livros","8":"tag-agenda-cultural","9":"tag-arte","10":"tag-books","11":"tag-centro-nacional-de-cultura","12":"tag-cinema","13":"tag-cultura","14":"tag-danca","15":"tag-entertainment","16":"tag-entretenimento","17":"tag-exposicoes","18":"tag-livros","19":"tag-musica","20":"tag-obras-de-referencia","21":"tag-patrimonio","22":"tag-portugal","23":"tag-pt","24":"tag-teatro"},"share_on_mastodon":{"url":"","error":""},"_links":{"self":[{"href":"https:\/\/www.europesays.com\/pt\/wp-json\/wp\/v2\/posts\/35980","targetHints":{"allow":["GET"]}}],"collection":[{"href":"https:\/\/www.europesays.com\/pt\/wp-json\/wp\/v2\/posts"}],"about":[{"href":"https:\/\/www.europesays.com\/pt\/wp-json\/wp\/v2\/types\/post"}],"author":[{"embeddable":true,"href":"https:\/\/www.europesays.com\/pt\/wp-json\/wp\/v2\/users\/2"}],"replies":[{"embeddable":true,"href":"https:\/\/www.europesays.com\/pt\/wp-json\/wp\/v2\/comments?post=35980"}],"version-history":[{"count":0,"href":"https:\/\/www.europesays.com\/pt\/wp-json\/wp\/v2\/posts\/35980\/revisions"}],"wp:featuredmedia":[{"embeddable":true,"href":"https:\/\/www.europesays.com\/pt\/wp-json\/wp\/v2\/media\/35981"}],"wp:attachment":[{"href":"https:\/\/www.europesays.com\/pt\/wp-json\/wp\/v2\/media?parent=35980"}],"wp:term":[{"taxonomy":"category","embeddable":true,"href":"https:\/\/www.europesays.com\/pt\/wp-json\/wp\/v2\/categories?post=35980"},{"taxonomy":"post_tag","embeddable":true,"href":"https:\/\/www.europesays.com\/pt\/wp-json\/wp\/v2\/tags?post=35980"}],"curies":[{"name":"wp","href":"https:\/\/api.w.org\/{rel}","templated":true}]}}