{"id":361579,"date":"2026-04-29T01:12:13","date_gmt":"2026-04-29T01:12:13","guid":{"rendered":"https:\/\/www.europesays.com\/pt\/361579\/"},"modified":"2026-04-29T01:12:13","modified_gmt":"2026-04-29T01:12:13","slug":"livia-andrade-diz-que-nao-e-obrigada-a-sorrir-28-04-2026-celebridades","status":"publish","type":"post","link":"https:\/\/www.europesays.com\/pt\/361579\/","title":{"rendered":"L\u00edvia Andrade diz que n\u00e3o \u00e9 obrigada a sorrir &#8211; 28\/04\/2026 &#8211; Celebridades"},"content":{"rendered":"<p>\n<strong class=\"c-signature__location\">Rio de Janeiro<\/strong>\n<\/p>\n<p>Ap\u00f3s repercuss\u00e3o nas redes sociais pelas caras e bocas feitas durante sua participa\u00e7\u00e3o no Doming\u00e3o com Huck, exibido no \u00faltimo domingo (26),<a href=\"https:\/\/www1.folha.uol.com.br\/folha-topicos\/livia-andrade\/\" rel=\"nofollow noopener\" target=\"\"> L\u00edvia Andrade<\/a> negou que as rea\u00e7\u00f5es fossem direcionadas \u00e0 campe\u00e3 do BBB 26, <a href=\"https:\/\/www1.folha.uol.com.br\/folha-topicos\/ana-paula-renault\/\" rel=\"nofollow noopener\" target=\"\">Ana Paula Renault,<\/a> com quem j\u00e1 teve desentendimentos no passado. As duas trabalharam juntas no programa &#8220;Triturando&#8221;, no SBT em 2020.<\/p>\n","protected":false},"excerpt":{"rendered":"Rio de Janeiro Ap\u00f3s repercuss\u00e3o nas redes sociais pelas caras e bocas feitas durante sua participa\u00e7\u00e3o no Doming\u00e3o&hellip;\n","protected":false},"author":2,"featured_media":361580,"comment_status":"","ping_status":"","sticky":false,"template":"","format":"standard","meta":{"footnotes":"","_share_on_mastodon":"0"},"categories":[145],"tags":[23879,2565,15986,219,211,210,223,9027,114,115,224,225,226,753,221,220,222,47682,45274,32,33,1014,936,2566,218,228,227],"class_list":["post-361579","post","type-post","status-publish","format-standard","has-post-thumbnail","category-celebridades","tag-ana-paula-renault","tag-bbb","tag-bbb-26","tag-bichos","tag-celebridades","tag-celebrities","tag-colunistas","tag-domingo-com-huck","tag-entertainment","tag-entretenimento","tag-estranho","tag-eu-amo","tag-fofices","tag-globo","tag-horoscopo","tag-humanos","tag-humor","tag-lvia-andrade","tag-milena-moreira","tag-portugal","tag-pt","tag-reality-show","tag-sbt","tag-televiso","tag-televisao","tag-tudo","tag-videos"],"share_on_mastodon":{"url":"https:\/\/pubeurope.com\/@pt\/116485340901636186","error":""},"_links":{"self":[{"href":"https:\/\/www.europesays.com\/pt\/wp-json\/wp\/v2\/posts\/361579","targetHints":{"allow":["GET"]}}],"collection":[{"href":"https:\/\/www.europesays.com\/pt\/wp-json\/wp\/v2\/posts"}],"about":[{"href":"https:\/\/www.europesays.com\/pt\/wp-json\/wp\/v2\/types\/post"}],"author":[{"embeddable":true,"href":"https:\/\/www.europesays.com\/pt\/wp-json\/wp\/v2\/users\/2"}],"replies":[{"embeddable":true,"href":"https:\/\/www.europesays.com\/pt\/wp-json\/wp\/v2\/comments?post=361579"}],"version-history":[{"count":0,"href":"https:\/\/www.europesays.com\/pt\/wp-json\/wp\/v2\/posts\/361579\/revisions"}],"wp:featuredmedia":[{"embeddable":true,"href":"https:\/\/www.europesays.com\/pt\/wp-json\/wp\/v2\/media\/361580"}],"wp:attachment":[{"href":"https:\/\/www.europesays.com\/pt\/wp-json\/wp\/v2\/media?parent=361579"}],"wp:term":[{"taxonomy":"category","embeddable":true,"href":"https:\/\/www.europesays.com\/pt\/wp-json\/wp\/v2\/categories?post=361579"},{"taxonomy":"post_tag","embeddable":true,"href":"https:\/\/www.europesays.com\/pt\/wp-json\/wp\/v2\/tags?post=361579"}],"curies":[{"name":"wp","href":"https:\/\/api.w.org\/{rel}","templated":true}]}}