{"id":362348,"date":"2026-04-29T15:40:19","date_gmt":"2026-04-29T15:40:19","guid":{"rendered":"https:\/\/www.europesays.com\/pt\/362348\/"},"modified":"2026-04-29T15:40:19","modified_gmt":"2026-04-29T15:40:19","slug":"one-ui-8-5-da-samsung-comeca-a-chegar-a-smartphones-mais-antigos-com-funcionalidades-exclusivas-do-galaxy-s26","status":"publish","type":"post","link":"https:\/\/www.europesays.com\/pt\/362348\/","title":{"rendered":"One UI 8.5 da Samsung come\u00e7a a chegar a smartphones mais antigos com funcionalidades exclusivas do Galaxy S26"},"content":{"rendered":"<p class=\"wp-block-post-excerpt__excerpt\">A Samsung confirmou o in\u00edcio da disponibiliza\u00e7\u00e3o da atualiza\u00e7\u00e3o do One UI 8.5 para as restantes gamas de smartphones, com um calend\u00e1rio faseado que se estende at\u00e9 ao terceiro trimestre de 2026 e que leva as funcionalidades de IA do Galaxy S26 a modelos mais antigos. <\/p>\n<p>A <a href=\"https:\/\/tek.sapo.pt\/tag\/samsung\" target=\"_blank\" rel=\"noreferrer noopener nofollow\">Samsung<\/a> iniciou a distribui\u00e7\u00e3o do <a href=\"https:\/\/tek.sapo.pt\/tag\/one-ui\/\" target=\"_blank\" rel=\"noreferrer noopener nofollow\">One UI<\/a> 8.5 para a restante gama de smartphones <a href=\"https:\/\/tek.sapo.pt\/tag\/galaxy\" target=\"_blank\" rel=\"noreferrer noopener nofollow\">Galaxy<\/a>, al\u00e9m dos Galaxy S26, S26+ e S26 Ultra. <strong>Esta atualiza\u00e7\u00e3o representa uma renova\u00e7\u00e3o visual e de intelig\u00eancia artificial assente em dois pilares<\/strong>. O Ambient Design, que redesenha a interface do sistema, e um <a href=\"https:\/\/tek.sapo.pt\/tag\/bixby\" target=\"_blank\" rel=\"noreferrer noopener nofollow\">Bixby<\/a> reformulado, que recebe novas capacidades de pesquisa e resposta contextual.<\/p>\n<p><strong>N\u00e3o perca nenhuma not\u00edcia importante da atualidade de tecnologia e\u00a0<a href=\"https:\/\/tek.sapo.pt\/\" target=\"_blank\" rel=\"noreferrer noopener nofollow\">acompanhe tudo em tek.sapo.pt<\/a><\/strong><\/p>\n<p><strong>Entre <a href=\"https:\/\/tek.sapo.pt\/mobile\/equipamentos\/artigos\/galaxy-s26-samsung-prepara-se-para-desvendar-a-nova-geracao-de-smartphones-acompanhe-em-direto\/\" target=\"_blank\" rel=\"noreferrer noopener nofollow\">as funcionalidades de IA<\/a> que chegam a dispositivos mais antigos est\u00e3o o AI Select, o Audio Eraser, o Call Screening, o Creative Studio e ferramentas adicionais de edi\u00e7\u00e3o fotogr\u00e1fica com <a href=\"https:\/\/tek.sapo.pt\/tag\/inteligencia-artificial\" target=\"_blank\" rel=\"noreferrer noopener nofollow\">intelig\u00eancia artificial<\/a><\/strong>. Algumas merecem destaque pela forma como alteram a experi\u00eancia de utiliza\u00e7\u00e3o quotidiana.<\/p>\n<p>    <a href=\"https:\/\/tek.sapo.pt\/mobile\/equipamentos\/artigos\/galaxy-s26-samsung-prepara-se-para-desvendar-a-nova-geracao-de-smartphones-acompanhe-em-direto\/\" title=\"Galaxy S26: Nova gera\u00e7\u00e3o de smartphones da Samsung refor\u00e7a foco nas experi\u00eancias com IA mais proativa\" tabindex=\"-1\" class=\"inkwr-image \" aria-label=\"Imagem do artigo: Galaxy S26: Nova gera\u00e7\u00e3o de smartphones da Samsung refor\u00e7a foco nas experi\u00eancias com IA mais proativa\" rel=\"nofollow noopener\" target=\"_blank\"><br \/>\n                    <img loading=\"lazy\" decoding=\"async\" width=\"2560\" height=\"1440\" src=\"https:\/\/www.europesays.com\/pt\/wp-content\/uploads\/2026\/04\/9e953016cf0a9008f56dad9d2da7da3a9ae4d350-scaled.jpg\" class=\"attachment-post-thumbnail size-post-thumbnail wp-post-image\" alt=\"Galaxy S26: Nova gera\u00e7\u00e3o de smartphones da Samsung refor\u00e7a foco nas experi\u00eancias com IA mais proativa\"   data-attachment-id=\"545998\" data-permalink=\"https:\/\/tek.sapo.pt\/mobile\/equipamentos\/artigos\/galaxy-s26-samsung-prepara-se-para-desvendar-a-nova-geracao-de-smartphones-acompanhe-em-direto\/attachment\/9e953016cf0a9008f56dad9d2da7da3a9ae4d350\/\" data-orig-file=\"https:\/\/www.europesays.com\/pt\/wp-content\/uploads\/2026\/04\/9e953016cf0a9008f56dad9d2da7da3a9ae4d350-scaled.jpg\" data-orig-size=\"2560,1440\" data-comments-opened=\"1\" data-image-meta=\"{&quot;aperture&quot;:&quot;0&quot;,&quot;credit&quot;:&quot;&quot;,&quot;camera&quot;:&quot;&quot;,&quot;caption&quot;:&quot;&quot;,&quot;created_timestamp&quot;:&quot;0&quot;,&quot;copyright&quot;:&quot;&quot;,&quot;focal_length&quot;:&quot;0&quot;,&quot;iso&quot;:&quot;0&quot;,&quot;shutter_speed&quot;:&quot;0&quot;,&quot;title&quot;:&quot;&quot;,&quot;orientation&quot;:&quot;0&quot;}\" data-image-title=\"Samsung | Galaxy Unpacked\" data-image-description=\"\" data-image-caption=\"\" data-large-file=\"https:\/\/cdn.teknoticias.pt\/uploads\/9e953016cf0a9008f56dad9d2da7da3a9ae4d350-1024x576.jpg\"\/>        <\/p>\n<p>                <\/a><\/p>\n<p>            <a href=\"https:\/\/tek.sapo.pt\/mobile\/equipamentos\/artigos\/galaxy-s26-samsung-prepara-se-para-desvendar-a-nova-geracao-de-smartphones-acompanhe-em-direto\/\" title=\"Galaxy S26: Nova gera\u00e7\u00e3o de smartphones da Samsung refor\u00e7a foco nas experi\u00eancias com IA mais proativa\" rel=\"nofollow noopener\" target=\"_blank\"><br \/>\n                                Galaxy S26: Nova gera\u00e7\u00e3o de smartphones da Samsung refor\u00e7a foco nas experi\u00eancias com IA mais proativa<\/a><\/p>\n<p>\n            O Galaxy S26 Ultra est\u00e1 em destaque na nova fam\u00edlia de smartphones da Samsung, que dar forma \u00e0 ideia de\u2026        <\/p>\n<p><strong>O Call Screening, por exemplo, vai al\u00e9m das capacidades do anterior Bixby Text Call.<\/strong> Ou seja, em vez de transcrever as chamadas, o assistente pode agora atender automaticamente chamadas de n\u00fameros desconhecidos e perguntar o motivo do contacto. <strong>No final, apresenta ao utilizador uma transcri\u00e7\u00e3o e um resumo de toda a conversa.<\/strong><\/p>\n<p><img loading=\"lazy\" decoding=\"async\" width=\"1024\" height=\"768\" data-attachment-id=\"763609\" data-permalink=\"https:\/\/tek.sapo.pt\/mobile\/equipamentos\/artigos\/one-ui-8-5-da-samsung-comeca-a-chegar-a-smartphones-mais-antigos-com-funcionalidades-exclusivas-do-galaxy-s26\/attachment\/025-lifesytle-galaxy-s26ultra-cobaltviolet-callscreening\/\" data-orig-file=\"https:\/\/cdn.teknoticias.pt\/uploads\/2026\/04\/025-lifesytle-galaxy-s26ultra-cobaltviolet-callscreening-1.jpg\" data-orig-size=\"1707,1280\" data-comments-opened=\"1\" data-image-meta=\"{&quot;aperture&quot;:&quot;0&quot;,&quot;credit&quot;:&quot;&quot;,&quot;camera&quot;:&quot;&quot;,&quot;caption&quot;:&quot;&quot;,&quot;created_timestamp&quot;:&quot;0&quot;,&quot;copyright&quot;:&quot;&quot;,&quot;focal_length&quot;:&quot;0&quot;,&quot;iso&quot;:&quot;0&quot;,&quot;shutter_speed&quot;:&quot;0&quot;,&quot;title&quot;:&quot;&quot;,&quot;orientation&quot;:&quot;0&quot;}\" data-image-title=\"Samsung Call Screening\" data-image-description=\"\" data-image-caption=\"&lt;p&gt;Samsung Call Screening&lt;\/p&gt;&#10;\" data-large-file=\"https:\/\/www.europesays.com\/pt\/wp-content\/uploads\/2026\/04\/025-lifesytle-galaxy-s26ultra-cobaltviolet-callscreening-1-1024x768.jpg\" src=\"https:\/\/www.europesays.com\/pt\/wp-content\/uploads\/2026\/04\/025-lifesytle-galaxy-s26ultra-cobaltviolet-callscreening-1-1024x768.jpg\" alt=\"Samsung Call Screening\" class=\"wp-image-763609\"  \/><strong>Samsung Call Screening<\/strong><\/p>\n<p><strong>O Audio Eraser, por sua vez, deixa de estar confinado \u00e0 edi\u00e7\u00e3o de v\u00eddeo e passa a funcionar a n\u00edvel do sistema, em tempo real<\/strong>. J\u00e1 o AI Select substitui o anterior Smart Select, tendo agora uma resposta imediata sem necessitar de efetuar uma captura de ecr\u00e3 pr\u00e9via. <strong>Por fim temos o Creative Studio, que consegue gerar imagens e stickers potenciadas por <a href=\"https:\/\/tek.sapo.pt\/tag\/ia\" target=\"_blank\" rel=\"noreferrer noopener nofollow\">IA<\/a>.<\/strong><\/p>\n<p><strong>Apesar de estas fun\u00e7\u00f5es estarem a ser anunciadas pela Samsung, isto n\u00e3o significa que as mesmas acabem por ser disponibilizadas para todos os equipamentos<\/strong>. Por exemplo, o registo da atualiza\u00e7\u00e3o para o <a href=\"https:\/\/tek.sapo.pt\/tag\/galaxy-s23-ultra\/\" target=\"_blank\" rel=\"noreferrer noopener nofollow\">Galaxy S23 Ultra<\/a> revelou a aus\u00eancia de muitas destas funcionalidades, muito provavelmente por ter uma insuficiente capacidade de processamento neural.<\/p>\n<blockquote class=\"twitter-tweet\" data-width=\"500\" data-dnt=\"true\">\n<p lang=\"en\" dir=\"ltr\">Exclusive! \ud83d\udd25<\/p>\n<p>The Galaxy S23 Series One UI 8.5 Stable changelog has been spotted. <\/p>\n<p>All details are in the images attached in the thread. Sadly, no new Galaxy S26 features spotted \ud83d\ude22 <a href=\"https:\/\/t.co\/QwiwPYr3fp\" rel=\"nofollow\">pic.twitter.com\/QwiwPYr3fp<\/a><\/p>\n<p>\u2014 Tarun Vats (@tarunvats33) <a href=\"https:\/\/twitter.com\/tarunvats33\/status\/2048727264758817088?ref_src=twsrc%5Etfw\" rel=\"nofollow noopener\" target=\"_blank\">April 27, 2026<\/a><\/p><\/blockquote>\n<p><strong>Relativamente ao calend\u00e1rio de distribui\u00e7\u00e3o, a Samsung n\u00e3o lan\u00e7ou um calend\u00e1rio espec\u00edfico, tal como acontecera no passado<\/strong>. Ainda assim, pode-se ler em publica\u00e7\u00f5es nos f\u00f3runs oficiais da marca que a primeira vaga de lan\u00e7amento ocorreu durante os meses de mar\u00e7o e abril, para os <a href=\"https:\/\/tek.sapo.pt\/tag\/galaxy-s25\" target=\"_blank\" rel=\"noreferrer noopener nofollow\">Galaxy S25<\/a>, S25+ e S25 Ultra, assim como para os <a href=\"https:\/\/tek.sapo.pt\/tag\/galaxy-Z-Fold7\" rel=\"nofollow noopener\" target=\"_blank\">Galaxy Z Fold7<\/a> e Z Flip7.<\/p>\n<p><strong>A segunda vaga, esperada entre abril e maio, inclui toda a s\u00e9rie <a href=\"https:\/\/tek.sapo.pt\/tag\/galaxy-s24\" target=\"_blank\" rel=\"noreferrer noopener nofollow\">Galaxy S24<\/a>, os <a href=\"https:\/\/tek.sapo.pt\/tag\/galaxy-z-Fold6\" target=\"_blank\" rel=\"noreferrer noopener nofollow\">Galaxy Z Fold6<\/a> e Z Flip 6, a gama <a href=\"https:\/\/tek.sapo.pt\/tag\/galaxy-tab-s11\/\" target=\"_blank\" rel=\"noreferrer noopener nofollow\">Galaxy Tab S11<\/a>, bem como uma sele\u00e7\u00e3o de modelos da s\u00e9rie Galaxy A.<\/strong> Na terceira vaga, que dever\u00e1 ocorrer entre maio e junho, chegar\u00e1 aos Galaxy S23 e S22, Galaxy A56 e A36, assim como \u00e0 s\u00e9rie de tablets Galaxy Tab S10, e de outros smartphones das gamas A, M e F.<\/p>\n<p><strong>A quarta e \u00faltima vaga, j\u00e1 no segundo ou terceiro trimestre de 2026, abranger\u00e1 os restantes modelos das gamas Galaxy A, M e F que ainda possam estar eleg\u00edveis para a atualiza\u00e7\u00e3o.<\/strong> O calend\u00e1rio, embora n\u00e3o oficial, segue a estrat\u00e9gia habitual da Samsung de atualiza\u00e7\u00e3o sequencial por gera\u00e7\u00f5es, garantindo que os modelos mais recentes recebem primeiro a atualiza\u00e7\u00e3o, <strong>juntamente com as certifica\u00e7\u00f5es das operadoras.<\/strong><\/p>\n<p>Assine a\u00a0<a href=\"https:\/\/teknoticias.us15.list-manage.com\/subscribe?u=9a06a5af5e9150806abc02bae&amp;id=ef9b27090d\" target=\"_blank\" rel=\"noreferrer noopener nofollow\">newsletter do TEK Not\u00edcias<\/a>\u00a0e receba todos os dias as principais not\u00edcias de tecnologia na sua caixa de correio.<br \/>\n<script async src=\"https:\/\/platform.twitter.com\/widgets.js\" charset=\"utf-8\"><\/script><\/p>\n","protected":false},"excerpt":{"rendered":"A Samsung confirmou o in\u00edcio da disponibiliza\u00e7\u00e3o da atualiza\u00e7\u00e3o do One UI 8.5 para as restantes gamas de&hellip;\n","protected":false},"author":2,"featured_media":362349,"comment_status":"","ping_status":"","sticky":false,"template":"","format":"standard","meta":{"footnotes":"","_share_on_mastodon":"0"},"categories":[84],"tags":[2851,32767,109,107,108,5596,2764,20621,933,61691,32,33,952,105,103,104,20992,954,106,110],"class_list":["post-362348","post","type-post","status-publish","format-standard","has-post-thumbnail","category-ciencia-e-tecnologia","tag-android","tag-bixby","tag-ciencia","tag-ciencia-e-tecnologia","tag-cienciaetecnologia","tag-equipamentos","tag-galaxy","tag-galaxy-s26","tag-inteligencia-artificial","tag-oneui","tag-portugal","tag-pt","tag-samsung","tag-science","tag-science-and-technology","tag-scienceandtechnology","tag-sistema-operativo","tag-smartphones","tag-technology","tag-tecnologia"],"share_on_mastodon":{"url":"https:\/\/pubeurope.com\/@pt\/116488754350531192","error":""},"_links":{"self":[{"href":"https:\/\/www.europesays.com\/pt\/wp-json\/wp\/v2\/posts\/362348","targetHints":{"allow":["GET"]}}],"collection":[{"href":"https:\/\/www.europesays.com\/pt\/wp-json\/wp\/v2\/posts"}],"about":[{"href":"https:\/\/www.europesays.com\/pt\/wp-json\/wp\/v2\/types\/post"}],"author":[{"embeddable":true,"href":"https:\/\/www.europesays.com\/pt\/wp-json\/wp\/v2\/users\/2"}],"replies":[{"embeddable":true,"href":"https:\/\/www.europesays.com\/pt\/wp-json\/wp\/v2\/comments?post=362348"}],"version-history":[{"count":0,"href":"https:\/\/www.europesays.com\/pt\/wp-json\/wp\/v2\/posts\/362348\/revisions"}],"wp:featuredmedia":[{"embeddable":true,"href":"https:\/\/www.europesays.com\/pt\/wp-json\/wp\/v2\/media\/362349"}],"wp:attachment":[{"href":"https:\/\/www.europesays.com\/pt\/wp-json\/wp\/v2\/media?parent=362348"}],"wp:term":[{"taxonomy":"category","embeddable":true,"href":"https:\/\/www.europesays.com\/pt\/wp-json\/wp\/v2\/categories?post=362348"},{"taxonomy":"post_tag","embeddable":true,"href":"https:\/\/www.europesays.com\/pt\/wp-json\/wp\/v2\/tags?post=362348"}],"curies":[{"name":"wp","href":"https:\/\/api.w.org\/{rel}","templated":true}]}}