{"id":36257,"date":"2025-08-19T17:36:24","date_gmt":"2025-08-19T17:36:24","guid":{"rendered":"https:\/\/www.europesays.com\/pt\/36257\/"},"modified":"2025-08-19T17:36:24","modified_gmt":"2025-08-19T17:36:24","slug":"mercado-fc-porto-ivan-jaime-vai-jogar-na-mls","status":"publish","type":"post","link":"https:\/\/www.europesays.com\/pt\/36257\/","title":{"rendered":"Mercado FC Porto: Iv\u00e1n Jaime vai jogar na MLS"},"content":{"rendered":"<p>Est\u00e1 definido o futuro de <a class=\"autolink-enabled\" data-resource-id=\"202908\" data-resource-type=\"player\" data-sport=\"football\" href=\"https:\/\/www.abola.pt\/futebol\/jogador\/ivan-jaime-202908\" rel=\"nofollow noopener\" target=\"_blank\">Iv\u00e1n Jaime<\/a>. O m\u00e9dio-ofensivo viaja amanh\u00e3 para o Canad\u00e1 para assinar por uma \u00e9poca com o CF Montr\u00e9al, emblema que compete na <a class=\"autolink-enabled\" data-resource-id=\"73\" data-resource-type=\"competition\" data-sport=\"football\" href=\"https:\/\/www.abola.pt\/futebol\/competicao\/major-league-soccer-mls-73\" rel=\"nofollow noopener\" target=\"_blank\">Major League Soccer<\/a>, na condi\u00e7\u00e3o de emprestado pelo <a class=\"autolink-enabled\" data-resource-id=\"451\" data-resource-type=\"team\" data-sport=\"football\" href=\"https:\/\/www.abola.pt\/futebol\/fc-porto-451\" rel=\"nofollow noopener\" target=\"_blank\">FC Porto<\/a>. <\/p>\n<p>O jogador viaja nas pr\u00f3ximas horas para jogar na MLS, sendo que ir\u00e1 auferir o dobro do ordenado que ganhava no Drag\u00e3o. O acordo entre os drag\u00f5es e o emblema canadiano contempla o pagamento de uma taxa de empr\u00e9stimo de 250 mil euros at\u00e9 30 de junho de 2026. Depois, por cada bloco de 10 jogos em que o atleta participe pelo menos 45 minutos, o FC Porto ganha 50 mil euros at\u00e9 um m\u00e1ximo de 30 jogos (150 mil euros). <\/p>\n<p>Al\u00e9m disso, os drag\u00f5es encaixam 50 mil euros por cada cinco golos e assist\u00eancias, at\u00e9 um m\u00e1ximo de 10 (100 mil euros).<\/p>\n<p>Refira-se que o empr\u00e9stimo contempla duas op\u00e7\u00f5es de compra: uma primeira de 5 milh\u00f5es de euros, se ela for exercida at\u00e9 31 de janeiro de 2026, e uma outra de 5,5 milh\u00f5es de euros, caso seja exercida entre fevereiro e maio do mesmo ano. <\/p>\n<p>Ambas garantem ao Montr\u00e9al 80% dos direitos econ\u00f3micos do avan\u00e7ado. A compra torna-se obrigat\u00f3ria se jogar pelo menos 45 minutos de 60% dos jogos oficiais do Montr\u00e9al.<\/p>\n<p>Mais: se estes objetivos forem alcan\u00e7ados entre os meses de fevereiro e maio, o montante sobe para \u20ac5,5 M, ficando o CF Montr\u00e9al com 80% dos direitos econ\u00f3micos do atleta. <\/p>\n<p><a class=\"autolink-enabled\" data-resource-id=\"202908\" data-resource-type=\"player\" data-sport=\"football\" href=\"https:\/\/www.abola.pt\/futebol\/jogador\/ivan-jaime-202908\" rel=\"nofollow noopener\" target=\"_blank\">Iv\u00e1n Jaime<\/a> teve muitos convites, entre os quais o <a class=\"autolink-enabled\" data-resource-id=\"210\" data-resource-type=\"team\" data-sport=\"football\" href=\"https:\/\/www.abola.pt\/futebol\/valencia-210\" rel=\"nofollow noopener\" target=\"_blank\">Val\u00eancia<\/a>, <a class=\"autolink-enabled\" data-resource-id=\"315\" data-resource-type=\"team\" data-sport=\"football\" href=\"https:\/\/www.abola.pt\/futebol\/brest-315\" rel=\"nofollow noopener\" target=\"_blank\">Brest<\/a> e <a class=\"autolink-enabled\" data-resource-id=\"210\" data-resource-type=\"team\" data-sport=\"football\" href=\"https:\/\/www.abola.pt\/futebol\/valencia-210\" rel=\"nofollow noopener\" target=\"_blank\">Val\u00eancia<\/a>, mas decidiu rumar \u00e0 MLS.<\/p>\n<p><strong>Artigo atualizado \u00e0s 17h54<\/strong><\/p>\n","protected":false},"excerpt":{"rendered":"Est\u00e1 definido o futuro de Iv\u00e1n Jaime. O m\u00e9dio-ofensivo viaja amanh\u00e3 para o Canad\u00e1 para assinar por uma&hellip;\n","protected":false},"author":2,"featured_media":36258,"comment_status":"","ping_status":"","sticky":false,"template":"","format":"standard","meta":{"footnotes":""},"categories":[8],"tags":[27,28,15,16,14,25,26,21,22,12,13,19,20,32,23,24,33,17,18,29,30,31],"class_list":{"0":"post-36257","1":"post","2":"type-post","3":"status-publish","4":"format-standard","5":"has-post-thumbnail","7":"category-principais-noticias","8":"tag-breaking-news","9":"tag-breakingnews","10":"tag-featured-news","11":"tag-featurednews","12":"tag-headlines","13":"tag-latest-news","14":"tag-latestnews","15":"tag-main-news","16":"tag-mainnews","17":"tag-news","18":"tag-noticias","19":"tag-noticias-principais","20":"tag-noticiasprincipais","21":"tag-portugal","22":"tag-principais-noticias","23":"tag-principaisnoticias","24":"tag-pt","25":"tag-top-stories","26":"tag-topstories","27":"tag-ultimas","28":"tag-ultimas-noticias","29":"tag-ultimasnoticias"},"share_on_mastodon":{"url":"","error":""},"_links":{"self":[{"href":"https:\/\/www.europesays.com\/pt\/wp-json\/wp\/v2\/posts\/36257","targetHints":{"allow":["GET"]}}],"collection":[{"href":"https:\/\/www.europesays.com\/pt\/wp-json\/wp\/v2\/posts"}],"about":[{"href":"https:\/\/www.europesays.com\/pt\/wp-json\/wp\/v2\/types\/post"}],"author":[{"embeddable":true,"href":"https:\/\/www.europesays.com\/pt\/wp-json\/wp\/v2\/users\/2"}],"replies":[{"embeddable":true,"href":"https:\/\/www.europesays.com\/pt\/wp-json\/wp\/v2\/comments?post=36257"}],"version-history":[{"count":0,"href":"https:\/\/www.europesays.com\/pt\/wp-json\/wp\/v2\/posts\/36257\/revisions"}],"wp:featuredmedia":[{"embeddable":true,"href":"https:\/\/www.europesays.com\/pt\/wp-json\/wp\/v2\/media\/36258"}],"wp:attachment":[{"href":"https:\/\/www.europesays.com\/pt\/wp-json\/wp\/v2\/media?parent=36257"}],"wp:term":[{"taxonomy":"category","embeddable":true,"href":"https:\/\/www.europesays.com\/pt\/wp-json\/wp\/v2\/categories?post=36257"},{"taxonomy":"post_tag","embeddable":true,"href":"https:\/\/www.europesays.com\/pt\/wp-json\/wp\/v2\/tags?post=36257"}],"curies":[{"name":"wp","href":"https:\/\/api.w.org\/{rel}","templated":true}]}}