{"id":36315,"date":"2025-08-19T18:24:17","date_gmt":"2025-08-19T18:24:17","guid":{"rendered":"https:\/\/www.europesays.com\/pt\/36315\/"},"modified":"2025-08-19T18:24:17","modified_gmt":"2025-08-19T18:24:17","slug":"conheca-a-historia-do-taxi-jean-e-silma-de-taio","status":"publish","type":"post","link":"https:\/\/www.europesays.com\/pt\/36315\/","title":{"rendered":"Conhe\u00e7a a hist\u00f3ria do T\u00e1xi Jean e Silma de Tai\u00f3"},"content":{"rendered":"<p>&#13;<br \/>\n                &#13;<br \/>\n                    &#13;<br \/>\n                    &#13;<br \/>\n                    &#13;<br \/>\n                    &#13;<br \/>\n                    &#13;<br \/>\n                    &#13;<br \/>\n                    19\/08\/2025 11h44 &#8211; Atualizado em 19\/08\/2025 13h55&#13;<br \/>\n                    &#13;<br \/>\n                    &#13;<br \/>\n                    &#13;<br \/>\n                    Saiba mais                 &#13;<br \/>\n&#13;<br \/>\n                &#13;<br \/>\n                &#13;<br \/>\n&#13;<\/p>\n<p>                            <img decoding=\"async\" border=\"0\" width=\"700px\" height=\"100px\" src=\"https:\/\/www.europesays.com\/pt\/wp-content\/uploads\/2025\/08\/assistencia-familiar-alto-vale.gif\" alt=\"Assist\u00eancia Familiar Alto Vale\" title=\"Assist\u00eancia Familiar Alto Vale\"\/>                      &#13;<br \/>\n&#13;<br \/>\n&#13;<br \/>\n&#13;<\/p>\n<p>                                <a href=\"\" title=\"ENTREVISTA: Conhe\u00e7a a hist\u00f3ria do T\u00e1xi Jean e Silma de Tai\u00f3\">&#13;<br \/>\n                                    <img decoding=\"async\" alt=\"Foto: Emerson Lima \/ portaleducadora.com\" title=\"ENTREVISTA: Conhe\u00e7a a hist\u00f3ria do T\u00e1xi Jean e Silma de Tai\u00f3\" src=\"https:\/\/www.europesays.com\/pt\/wp-content\/uploads\/2025\/08\/imagem-do-whatsapp-de-2025-08-19-as-11-41-49_d7aa659b.jpg\" class=\"size-full\"\/>&#13;<br \/>\n                                <\/a><\/p>\n<p class=\"wp-caption-text\">Foto: Emerson Lima \/ portaleducadora.com<\/p>\n<p>A R\u00e1dio Educadora 90,3 FM recebeu em seus est\u00fadios na manh\u00e3 desta ter\u00e7a-feira (19), o taxista Jean, o T\u00e1xi Jean e Silma, que trouxe informa\u00e7\u00f5es acerca da hist\u00f3ria da empresa da fam\u00edlia.<\/p>\n<p>\u00a0<\/p>\n<p style=\"text-align: center;\"><strong>Saiba mais:<\/strong><\/p>\n<p>\u00a0<\/p>\n<p style=\"text-align: center;\">\n<p>\u00a0<\/p>\n<p>                Fonte: portaleducadora.com                &#13;<br \/>\n                &#13;<br \/>\n                        <a href=\"https:\/\/instagram.com\/justencelulares\/\" rel=\"nofollow noopener\" target=\"_blank\"><img decoding=\"async\" border=\"0\" width=\"700px\" height=\"100px\" src=\"https:\/\/www.europesays.com\/pt\/wp-content\/uploads\/2025\/07\/mmm.gif\" alt=\"Justen Celulares\" title=\"Justen Celulares\"\/><\/a>  &#13;<br \/>\n                     &#13;<br \/>\n                &#13;<br \/>\n                    &#13;<br \/>\n                &#13;<\/p>\n<p>                &#13;<br \/>\n                &#13;<br \/>\n                &#13;<br \/>\n            <script async src=\"\/\/www.instagram.com\/embed.js\"><\/script><\/p>\n","protected":false},"excerpt":{"rendered":"&#13; &#13; &#13; &#13; &#13; &#13; &#13; &#13; 19\/08\/2025 11h44 &#8211; Atualizado em 19\/08\/2025 13h55&#13; &#13; &#13; &#13;&hellip;\n","protected":false},"author":2,"featured_media":36316,"comment_status":"","ping_status":"","sticky":false,"template":"","format":"standard","meta":{"footnotes":""},"categories":[141],"tags":[114,115,149,150,32,33],"class_list":{"0":"post-36315","1":"post","2":"type-post","3":"status-publish","4":"format-standard","5":"has-post-thumbnail","7":"category-musica","8":"tag-entertainment","9":"tag-entretenimento","10":"tag-music","11":"tag-musica","12":"tag-portugal","13":"tag-pt"},"share_on_mastodon":{"url":"","error":""},"_links":{"self":[{"href":"https:\/\/www.europesays.com\/pt\/wp-json\/wp\/v2\/posts\/36315","targetHints":{"allow":["GET"]}}],"collection":[{"href":"https:\/\/www.europesays.com\/pt\/wp-json\/wp\/v2\/posts"}],"about":[{"href":"https:\/\/www.europesays.com\/pt\/wp-json\/wp\/v2\/types\/post"}],"author":[{"embeddable":true,"href":"https:\/\/www.europesays.com\/pt\/wp-json\/wp\/v2\/users\/2"}],"replies":[{"embeddable":true,"href":"https:\/\/www.europesays.com\/pt\/wp-json\/wp\/v2\/comments?post=36315"}],"version-history":[{"count":0,"href":"https:\/\/www.europesays.com\/pt\/wp-json\/wp\/v2\/posts\/36315\/revisions"}],"wp:featuredmedia":[{"embeddable":true,"href":"https:\/\/www.europesays.com\/pt\/wp-json\/wp\/v2\/media\/36316"}],"wp:attachment":[{"href":"https:\/\/www.europesays.com\/pt\/wp-json\/wp\/v2\/media?parent=36315"}],"wp:term":[{"taxonomy":"category","embeddable":true,"href":"https:\/\/www.europesays.com\/pt\/wp-json\/wp\/v2\/categories?post=36315"},{"taxonomy":"post_tag","embeddable":true,"href":"https:\/\/www.europesays.com\/pt\/wp-json\/wp\/v2\/tags?post=36315"}],"curies":[{"name":"wp","href":"https:\/\/api.w.org\/{rel}","templated":true}]}}